{"id":3479,"date":"2016-10-07T09:58:07","date_gmt":"2016-10-07T07:58:07","guid":{"rendered":"http:\/\/up.lublin.pl\/blog\/8648\/"},"modified":"2022-10-25T14:42:57","modified_gmt":"2022-10-25T12:42:57","slug":"86485","status":"publish","type":"post","link":"https:\/\/up.lublin.pl\/agrobio\/86485\/","title":{"rendered":"Konferencja po\u015bwi\u0119cona doskonaleniu program\u00f3w kszta\u0142cenia na kierunku agrobiznes"},"content":{"rendered":"<p>&nbsp;<\/p>\n<p>&nbsp;<\/p>\n<p class=\"MsoNormal\" style=\"text-align:center;line-height:normal\" align=\"center\"><a href=\"http:\/\/www.up.lublin.pl\/agrobio\/?rid=6165\"><b><span style=\"font-size:12.0pt;,serif;color:windowtext;text-decoration:none\">Konferencja po\u015bwi\u0119cona doskonaleniu program&oacute;w kszta\u0142cenia na kierunku <\/span><\/b><\/a><b><span style=\"font-size:12.0pt;,serif\">agrobiznes<\/span><\/b><\/p>\n<p class=\"MsoNormal\" style=\"text-align:center;line-height:normal\" align=\"center\"><b><span style=\"font-size:14.0pt;,serif\">Zaproszenie<\/span><\/b><\/p>\n<p class=\"MsoNormal\" style=\"text-align:center;line-height:normal\" align=\"center\"><span style=\"font-size:12.0pt;,serif\">&nbsp;<\/span><\/p>\n<p class=\"MsoNormal\" style=\"text-align:center;line-height:normal\" align=\"center\"><span style=\"font-size:12.0pt;,serif\">Rada Programowa kierunku agrobiznes serdecznie zaprasza <\/span><\/p>\n<p class=\"MsoNormal\" style=\"text-align:center;line-height:normal\" align=\"center\"><span style=\"font-size:12.0pt;,serif\">pracownik&oacute;w, student&oacute;w oraz interesariuszy zewn\u0119trznych na konferencj\u0119 po\u015bwi\u0119con\u0105&nbsp;<\/span><\/p>\n<p class=\"MsoNormal\" style=\"text-align:center;line-height:normal\" align=\"center\"><b><span style=\"font-size:12.0pt;,serif\">doskonaleniu program&oacute;w kszta\u0142cenia na kierunku agrobiznes<\/span><\/b><span style=\"font-size:12.0pt;,serif\">, <\/span><\/p>\n<p class=\"MsoNormal\" style=\"text-align:center;line-height:normal\" align=\"center\"><span style=\"font-size:12.0pt;,serif\">kt&oacute;ra odb\u0119dzie si\u0119 <b>19.10.2016 roku o godz. 12.00<\/b> w sali konferencyjnej Agro II.<\/span><\/p>\n<p>&nbsp;<\/p>\n","protected":false},"excerpt":{"rendered":"<p>&nbsp; &nbsp; Konferencja po\u015bwi\u0119cona doskonaleniu program&oacute;w kszta\u0142cenia na kierunku agrobiznes Zaproszenie &nbsp; Rada Programowa kierunku agrobiznes serdecznie zaprasza pracownik&oacute;w, student&oacute;w oraz interesariuszy zewn\u0119trznych na konferencj\u0119 po\u015bwi\u0119con\u0105&nbsp; doskonaleniu program&oacute;w kszta\u0142cenia na kierunku agrobiznes, kt&oacute;ra odb\u0119dzie si\u0119 19.10.2016 roku o godz. 12.00 w sali konferencyjnej Agro II. &nbsp;<\/p>\n","protected":false},"author":207,"featured_media":0,"comment_status":"closed","ping_status":"closed","sticky":false,"template":"","format":"standard","meta":{"_monsterinsights_skip_tracking":false,"_monsterinsights_sitenote_active":false,"_monsterinsights_sitenote_note":"","_monsterinsights_sitenote_category":0},"categories":[12],"tags":[],"_links":{"self":[{"href":"https:\/\/up.lublin.pl\/agrobio\/wp-json\/wp\/v2\/posts\/3479"}],"collection":[{"href":"https:\/\/up.lublin.pl\/agrobio\/wp-json\/wp\/v2\/posts"}],"about":[{"href":"https:\/\/up.lublin.pl\/agrobio\/wp-json\/wp\/v2\/types\/post"}],"author":[{"embeddable":true,"href":"https:\/\/up.lublin.pl\/agrobio\/wp-json\/wp\/v2\/users\/207"}],"replies":[{"embeddable":true,"href":"https:\/\/up.lublin.pl\/agrobio\/wp-json\/wp\/v2\/comments?post=3479"}],"version-history":[{"count":1,"href":"https:\/\/up.lublin.pl\/agrobio\/wp-json\/wp\/v2\/posts\/3479\/revisions"}],"predecessor-version":[{"id":148815,"href":"https:\/\/up.lublin.pl\/agrobio\/wp-json\/wp\/v2\/posts\/3479\/revisions\/148815"}],"wp:attachment":[{"href":"https:\/\/up.lublin.pl\/agrobio\/wp-json\/wp\/v2\/media?parent=3479"}],"wp:term":[{"taxonomy":"category","embeddable":true,"href":"https:\/\/up.lublin.pl\/agrobio\/wp-json\/wp\/v2\/categories?post=3479"},{"taxonomy":"post_tag","embeddable":true,"href":"https:\/\/up.lublin.pl\/agrobio\/wp-json\/wp\/v2\/tags?post=3479"}],"curies":[{"name":"wp","href":"https:\/\/api.w.org\/{rel}","templated":true}]}}