{"id":3052,"date":"2016-06-01T15:07:57","date_gmt":"2016-06-01T13:07:57","guid":{"rendered":"http:\/\/up.lublin.pl\/blog\/8215\/"},"modified":"2022-10-25T14:42:23","modified_gmt":"2022-10-25T12:42:23","slug":"82152","status":"publish","type":"post","link":"https:\/\/up.lublin.pl\/agrobio\/82152\/","title":{"rendered":"Dr in\u017c. Izabela Jo\u015bko laureatk\u0105 stypendium Fundacji na Rzecz Nauki Polskiej"},"content":{"rendered":"<p style=\"text-align: justify\">\n<strong>Mi\u0142o nam poinformowa\u0107, \u017ce 21 maja 2016 r. na uroczystej gali w Zamku Kr&oacute;lewskim w Warszawie dr in\u017c. Izabela Jo\u015bko otrzyma\u0142a presti\u017cowe stypendium START. Stypendium zosta\u0142o wr\u0119czone przez Przewodnicz\u0105cego Zarz\u0105du Fundacji na Rzecz Nauki Polskiej prof. dr hab. Macieja \u017bylicza oraz Przewodnicz\u0105cego Rady Fundacji prof. dr hab. Andrzeja Jerzmanowskiego. <\/strong><\/p>\n<p style=\"text-align: justify\">&nbsp;<\/p>\n<p style=\"text-align: justify\">&nbsp;<\/p>\n<p style=\"text-align: center\"><img loading=\"lazy\" width=\"600\" height=\"397\" src=\"\/files\/images\/promocja\/wydzialy\/dsc_0021.jpg\" alt=\"\" \/><\/p>\n<p style=\"text-align: center\"><em>dr in\u017c. Izabela Jo\u015bko<\/em><\/p>\n<p style=\"text-align: justify\">&nbsp;<\/p>\n<p style=\"text-align: justify\">Uroczysto\u015b\u0107 swoj\u0105 obecno\u015bci\u0105 zaszczycili: Wicepremier, Minister Rozwoju Mateusz Morawiecki, Podsekretarz Stanu w Ministerstwie Nauki i Szkolnictwa Wy\u017cszego dr hab. Teresa Czerwi\u0144ska oraz wielu wybitnych profesor&oacute;w.<\/p>\n<p style=\"text-align: justify\">\nStypendium START przyznawane jest przez Fundacj\u0119 na Rzecz Nauki Polskiej. Celem programu jest wyr&oacute;\u017cnienie najzdolniejszych m\u0142odych uczonych oraz zach\u0119cenie ich do dalszego rozwoju naukowego przez umo\u017cliwienie pe\u0142nego po\u015bwi\u0119cenia si\u0119 pracy badawczej. Adresatami programu s\u0105 wybitni m\u0142odzi uczeni ze znacz\u0105cymi sukcesami w swojej dziedzinie nauki, kt&oacute;rzy nie przekroczyli wieku 30 lat i maj\u0105 dorobek udokumentowany publikacjami w uznanych periodykach naukowych. <\/p>\n<p style=\"text-align: justify\">\nDr in\u017c. Izabela Jo\u015bko w 2010 roku uko\u0144czy\u0142a studia magisterskie na kierunku rolnictwo, specjalno\u015b\u0107 kszta\u0142towanie \u015brodowiska na Wydziale Agrobioin\u017cynierii w Uniwersytecie Przyrodniczym w Lublinie. Za bardzo dobre wyniki w nauce osi\u0105gni\u0119te w czasie studi&oacute;w, otrzyma\u0142a dyplom wyr&oacute;\u017cniaj\u0105cego si\u0119 absolwenta oraz Odznak\u0119 Honorow\u0105 Uniwersytetu Przyrodniczego w Lublinie. W latach 2012-2014 pracowa\u0142a na stanowisku starszego referenta technicznego w ramach grantu Unii Europejskiej (7 Program Ramowy) w Instytucie Gleboznawstwa, In\u017cynierii i Kszta\u0142towania \u015arodowiska. W styczniu 2015 roku uzyska\u0142a stopie\u0144 doktora nauk rolniczych w zakresie ochrony i kszta\u0142towania \u015brodowiska, specjalno\u015b\u0107 nanotechnologia \u015brodowiskowa. Praca doktorska Pani Jo\u015bko przygotowana pod kierunkiem dr hab. Patryka Oleszczuka, prof. UMCS pod tytu\u0142em: &bdquo;Toksyczno\u015b\u0107 wybranych nanocz\u0105steczek (nano-ZnO, nano-TiO2, nano-Ni) w r&oacute;\u017cnych matrycach \u015brodowiskowych&rdquo; zosta\u0142a wyr&oacute;\u017cniona przez Rad\u0119 Wydzia\u0142u Agrobioin\u017cynierii Uniwersytetu Przyrodniczego w Lublinie. Pani Doktor od 2015 roku pracuje w Instytucie Genetyki, Hodowli i Biotechnologii Ro\u015blin na stanowisku adiunkta. Dotychczasowo bra\u0142a udzia\u0142 jako wykonawca w 4 projektach badawczych, w tym dw&oacute;ch mi\u0119dzynarodowych. W chwili obecnej jest kierownikiem grantu PRELUDIUM finansowanego przez Narodowe Centrum Nauki.<\/p>\n<p style=\"text-align: justify\">\nBadania dr in\u017c. Izabeli Jo\u015bko dotycz\u0105 g\u0142&oacute;wnie oceny los&oacute;w nanomateria\u0142&oacute;w pochodzenia antropogenicznego w r&oacute;\u017cnych matrycach \u015brodowiskowych oraz oddzia\u0142ywania nanocz\u0105stek na organizmy \u017cywe. Pani Doktor jest wsp&oacute;\u0142autork\u0105 15 publikacji z tzw. listy filadelfijskiej o sumarycznej liczbie punkt&oacute;w MNiSW r&oacute;wnej 515 i IF 46.51. Indeks Hirsha dr in\u017c. Izabeli Jo\u015bko wynosi 6. <\/p>\n<p style=\"text-align: justify\">\nW imieniu Rady Wydzia\u0142u Agrobioin\u017cynierii Uniwersytetu Przyrodniczego w Lublinie oraz w\u0142asnym sk\u0142adam Pani Doktor serdeczne podzi\u0119kowanie i gratulacje&nbsp; za uzyskanie presti\u017cowego stypendium, przyznawanego m\u0142odym naukowcom.&nbsp; Dzi\u0119ki pracowito\u015bci, inicjatywie, zaanga\u017cowaniu w nowoczesne badania i otwarto\u015bci na wsp&oacute;\u0142prac\u0119 naukow\u0105 znalaz\u0142a si\u0119 Pani Doktor w gronie wybitnych m\u0142odych naukowc&oacute;w oraz przyczyni\u0142a si\u0119 do podniesienia presti\u017cu Wydzia\u0142u Agrobioin\u017cynierii. \u017bycz\u0119 dalszych sukces&oacute;w w pracy zawodowej, ciekawych pomys\u0142&oacute;w badawczych i odkry\u0107 naukowych oraz wiele satysfakcji z wykonywanych obowi\u0105zk&oacute;w i realizacji dalszych ambitnych osi\u0105gni\u0119\u0107. <br \/>\n&nbsp;<\/p>\n<p>&nbsp;<\/p>\n<p style=\"text-align: right\">\nDziekan Wydzia\u0142u Agrobioin\u017cynierii<br \/>\nProf. dr hab. Krzysztof Kowalczyk<\/p>\n<p style=\"text-align: right\">&nbsp;<\/p>\n<p style=\"text-align: right\">[fot. BPU]<\/p>\n<p style=\"text-align: right\">&nbsp;<\/p>\n<p style=\"text-align: right\">\n&nbsp;<\/p>\n","protected":false},"excerpt":{"rendered":"<p>Mi\u0142o nam poinformowa\u0107, \u017ce 21 maja 2016 r. na uroczystej gali w Zamku Kr&oacute;lewskim w Warszawie dr in\u017c. Izabela Jo\u015bko otrzyma\u0142a presti\u017cowe stypendium START. Stypendium zosta\u0142o wr\u0119czone przez Przewodnicz\u0105cego Zarz\u0105du Fundacji na Rzecz Nauki Polskiej prof. dr hab. Macieja \u017bylicza oraz Przewodnicz\u0105cego Rady Fundacji prof. dr hab. Andrzeja Jerzmanowskiego. &nbsp; &nbsp; dr in\u017c. Izabela Jo\u015bko [&hellip;]<\/p>\n","protected":false},"author":214,"featured_media":0,"comment_status":"closed","ping_status":"closed","sticky":false,"template":"","format":"standard","meta":{"_monsterinsights_skip_tracking":false,"_monsterinsights_sitenote_active":false,"_monsterinsights_sitenote_note":"","_monsterinsights_sitenote_category":0},"categories":[12],"tags":[],"_links":{"self":[{"href":"https:\/\/up.lublin.pl\/agrobio\/wp-json\/wp\/v2\/posts\/3052"}],"collection":[{"href":"https:\/\/up.lublin.pl\/agrobio\/wp-json\/wp\/v2\/posts"}],"about":[{"href":"https:\/\/up.lublin.pl\/agrobio\/wp-json\/wp\/v2\/types\/post"}],"author":[{"embeddable":true,"href":"https:\/\/up.lublin.pl\/agrobio\/wp-json\/wp\/v2\/users\/214"}],"replies":[{"embeddable":true,"href":"https:\/\/up.lublin.pl\/agrobio\/wp-json\/wp\/v2\/comments?post=3052"}],"version-history":[{"count":1,"href":"https:\/\/up.lublin.pl\/agrobio\/wp-json\/wp\/v2\/posts\/3052\/revisions"}],"predecessor-version":[{"id":148810,"href":"https:\/\/up.lublin.pl\/agrobio\/wp-json\/wp\/v2\/posts\/3052\/revisions\/148810"}],"wp:attachment":[{"href":"https:\/\/up.lublin.pl\/agrobio\/wp-json\/wp\/v2\/media?parent=3052"}],"wp:term":[{"taxonomy":"category","embeddable":true,"href":"https:\/\/up.lublin.pl\/agrobio\/wp-json\/wp\/v2\/categories?post=3052"},{"taxonomy":"post_tag","embeddable":true,"href":"https:\/\/up.lublin.pl\/agrobio\/wp-json\/wp\/v2\/tags?post=3052"}],"curies":[{"name":"wp","href":"https:\/\/api.w.org\/{rel}","templated":true}]}}