{"id":3051,"date":"2016-08-23T11:24:51","date_gmt":"2016-08-23T09:24:51","guid":{"rendered":"http:\/\/up.lublin.pl\/blog\/8214\/"},"modified":"2022-10-25T14:42:29","modified_gmt":"2022-10-25T12:42:29","slug":"82142","status":"publish","type":"post","link":"https:\/\/up.lublin.pl\/agrobio\/82142\/","title":{"rendered":"Wybory Prodziekan\u00f3w na kadencj\u0119 2016\/2020"},"content":{"rendered":"<p><img loading=\"lazy\" width=\"25\" height=\"25\" src=\"http:\/\/www.up.lublin.pl\/files\/images\/navig\/exclamation.png\" alt=\"\" \/><\/p>\n<p>&nbsp;<\/p>\n<p style=\"text-align: center\"><u><strong>KOMUNIKAT<\/strong><\/u><\/p>\n<p>KOMISJA WYBORCZA WYDZIA\u0141U AGROBIOIN\u017bYNIERII <br \/>\nZAWIADAMIA, \u017bE <strong>PRODZIEKANAMI<br \/>\nWYDZIA\u0141U AGROBIOIN\u017bYNIERII NA KADENCJ\u0118 2016-2020<\/strong>, ZOSTALI: <\/p>\n<p><strong>Prof. dr hab. Barbara Ko\u0142odziej<br \/>\nDr hab. Cezary Kwiatkowski, prof. nadzw.<br \/>\nDr hab. Halina Lipi\u0144ska<\/strong><\/p>\n<p style=\"text-align: center\">&nbsp;<\/p>\n<p style=\"text-align: center\">&nbsp;<\/p>\n<p style=\"text-align: left\"><a target=\"_blank\" href=\"\/files\/agrobio\/agrobioinzynieria\/Wybory\/komunikat_11.pdf\" rel=\"noopener noreferrer\"><u>Link do komunikatu (pdf)<\/u><\/a><b><br \/>\n<\/b><\/p>\n","protected":false},"excerpt":{"rendered":"<p>&nbsp; KOMUNIKAT KOMISJA WYBORCZA WYDZIA\u0141U AGROBIOIN\u017bYNIERII ZAWIADAMIA, \u017bE PRODZIEKANAMI WYDZIA\u0141U AGROBIOIN\u017bYNIERII NA KADENCJ\u0118 2016-2020, ZOSTALI: Prof. dr hab. Barbara Ko\u0142odziej Dr hab. Cezary Kwiatkowski, prof. nadzw. Dr hab. Halina Lipi\u0144ska &nbsp; &nbsp; Link do komunikatu (pdf)<\/p>\n","protected":false},"author":207,"featured_media":0,"comment_status":"closed","ping_status":"closed","sticky":false,"template":"","format":"standard","meta":{"_monsterinsights_skip_tracking":false,"_monsterinsights_sitenote_active":false,"_monsterinsights_sitenote_note":"","_monsterinsights_sitenote_category":0},"categories":[12],"tags":[],"_links":{"self":[{"href":"https:\/\/up.lublin.pl\/agrobio\/wp-json\/wp\/v2\/posts\/3051"}],"collection":[{"href":"https:\/\/up.lublin.pl\/agrobio\/wp-json\/wp\/v2\/posts"}],"about":[{"href":"https:\/\/up.lublin.pl\/agrobio\/wp-json\/wp\/v2\/types\/post"}],"author":[{"embeddable":true,"href":"https:\/\/up.lublin.pl\/agrobio\/wp-json\/wp\/v2\/users\/207"}],"replies":[{"embeddable":true,"href":"https:\/\/up.lublin.pl\/agrobio\/wp-json\/wp\/v2\/comments?post=3051"}],"version-history":[{"count":1,"href":"https:\/\/up.lublin.pl\/agrobio\/wp-json\/wp\/v2\/posts\/3051\/revisions"}],"predecessor-version":[{"id":148811,"href":"https:\/\/up.lublin.pl\/agrobio\/wp-json\/wp\/v2\/posts\/3051\/revisions\/148811"}],"wp:attachment":[{"href":"https:\/\/up.lublin.pl\/agrobio\/wp-json\/wp\/v2\/media?parent=3051"}],"wp:term":[{"taxonomy":"category","embeddable":true,"href":"https:\/\/up.lublin.pl\/agrobio\/wp-json\/wp\/v2\/categories?post=3051"},{"taxonomy":"post_tag","embeddable":true,"href":"https:\/\/up.lublin.pl\/agrobio\/wp-json\/wp\/v2\/tags?post=3051"}],"curies":[{"name":"wp","href":"https:\/\/api.w.org\/{rel}","templated":true}]}}