{"id":2902,"date":"2016-02-05T08:47:40","date_gmt":"2016-02-05T07:47:40","guid":{"rendered":"http:\/\/up.lublin.pl\/blog\/7596\/"},"modified":"2022-10-25T14:39:03","modified_gmt":"2022-10-25T12:39:03","slug":"75962","status":"publish","type":"post","link":"https:\/\/up.lublin.pl\/agrobio\/75962\/","title":{"rendered":"Acta Agrobotanica &#8211; nowa liczba punkt\u00f3w przyznawana przez MNiSW"},"content":{"rendered":"<p>&nbsp;<\/p>\n<p>&nbsp;<\/p>\n<p id=\"ext-gen2085\">Szanowni Pa\u0144stwo,<\/p>\n<p id=\"ext-gen2084\">&nbsp;<\/p>\n<p style=\"text-align: justify\" id=\"ext-gen2083\">Wydawany przez Polskie Towarzystwo Botaniczne kwartalnik Acta Agrobotanica uzyska\u0142 <b>14 pkt<\/b> w nowej ocenie parametrycznej czasopism, opracowanej przez MNiSW w 2015 roku.&nbsp;<br \/>\n&nbsp;<br \/>\nWi\u0119cej informacji na stronie internetowej:&nbsp; <b><span><a id=\"ext-gen2082\" href=\"https:\/\/pbsociety.org.pl\/journals\/index.php\/aa\/index\" title=\"https:\/\/pbsociety.org.pl\/journals\/index.php\/aa\/index\" target=\"_blank\" rel=\"noopener noreferrer\">https:\/\/pbsociety.org.pl\/journals\/index.php\/aa\/index<\/a><\/span><\/b><\/p>\n<p style=\"text-align: justify\">&nbsp;<\/p>\n<p style=\"text-align: justify\">Rada Redakcyjna zaprasza do&nbsp; zapoznania si\u0119 z profilem czasopisma i przedstawiania prac do publikacji.<\/p>\n<p style=\"text-align: center\">&nbsp;<\/p>\n<p style=\"text-align: center\">&nbsp;<a href=\"https:\/\/pbsociety.org.pl\/journals\/index.php\/aa\/index\"><img loading=\"lazy\" width=\"342\" height=\"477\" src=\"\/files\/images\/ogrodnictwo\/ES\/aa033.jpg\" alt=\"\" \/><\/a><\/p>\n","protected":false},"excerpt":{"rendered":"<p>&nbsp; &nbsp; Szanowni Pa\u0144stwo, &nbsp; Wydawany przez Polskie Towarzystwo Botaniczne kwartalnik Acta Agrobotanica uzyska\u0142 14 pkt w nowej ocenie parametrycznej czasopism, opracowanej przez MNiSW w 2015 roku.&nbsp; &nbsp; Wi\u0119cej informacji na stronie internetowej:&nbsp; https:\/\/pbsociety.org.pl\/journals\/index.php\/aa\/index &nbsp; Rada Redakcyjna zaprasza do&nbsp; zapoznania si\u0119 z profilem czasopisma i przedstawiania prac do publikacji. &nbsp; &nbsp;<\/p>\n","protected":false},"author":207,"featured_media":0,"comment_status":"closed","ping_status":"closed","sticky":false,"template":"","format":"standard","meta":{"_monsterinsights_skip_tracking":false,"_monsterinsights_sitenote_active":false,"_monsterinsights_sitenote_note":"","_monsterinsights_sitenote_category":0},"categories":[12],"tags":[285,286,287,284],"_links":{"self":[{"href":"https:\/\/up.lublin.pl\/agrobio\/wp-json\/wp\/v2\/posts\/2902"}],"collection":[{"href":"https:\/\/up.lublin.pl\/agrobio\/wp-json\/wp\/v2\/posts"}],"about":[{"href":"https:\/\/up.lublin.pl\/agrobio\/wp-json\/wp\/v2\/types\/post"}],"author":[{"embeddable":true,"href":"https:\/\/up.lublin.pl\/agrobio\/wp-json\/wp\/v2\/users\/207"}],"replies":[{"embeddable":true,"href":"https:\/\/up.lublin.pl\/agrobio\/wp-json\/wp\/v2\/comments?post=2902"}],"version-history":[{"count":1,"href":"https:\/\/up.lublin.pl\/agrobio\/wp-json\/wp\/v2\/posts\/2902\/revisions"}],"predecessor-version":[{"id":148807,"href":"https:\/\/up.lublin.pl\/agrobio\/wp-json\/wp\/v2\/posts\/2902\/revisions\/148807"}],"wp:attachment":[{"href":"https:\/\/up.lublin.pl\/agrobio\/wp-json\/wp\/v2\/media?parent=2902"}],"wp:term":[{"taxonomy":"category","embeddable":true,"href":"https:\/\/up.lublin.pl\/agrobio\/wp-json\/wp\/v2\/categories?post=2902"},{"taxonomy":"post_tag","embeddable":true,"href":"https:\/\/up.lublin.pl\/agrobio\/wp-json\/wp\/v2\/tags?post=2902"}],"curies":[{"name":"wp","href":"https:\/\/api.w.org\/{rel}","templated":true}]}}