{"id":2897,"date":"2015-12-16T10:13:21","date_gmt":"2015-12-16T09:13:21","guid":{"rendered":"http:\/\/up.lublin.pl\/blog\/7409\/"},"modified":"2022-10-25T14:36:33","modified_gmt":"2022-10-25T12:36:33","slug":"74092","status":"publish","type":"post","link":"https:\/\/up.lublin.pl\/agrobio\/74092\/","title":{"rendered":"Wyk\u0142ad popularnonaukowy w ramach serii: &#8220;Fascynuj\u0105cy \u015bwiat ro\u015blin&#8221;"},"content":{"rendered":"<p style=\"text-align: center\">&nbsp;<\/p>\n<p style=\"text-align: center\">&nbsp;<\/p>\n<p>&nbsp;<\/p>\n<p style=\"font-size:120%;text-align: center;line-height: 190%\">Zapraszamy na kolejny wyk\u0142ad popularnonaukowy w ramach serii:<\/p>\n<div style=\"font-size:160%;text-align: center;line-height: 190%\">Fascynuj\u0105cy \u015bwiat ro\u015blin<\/div>\n<div style=\"line-height: 21.6px;text-align: center\"><b><i>&nbsp;<\/i><\/b><\/div>\n<p style=\"text-align: center\">&nbsp;<\/p>\n<p style=\"text-align: center\"><img src=\"\/files\/images\/news\/2015\/2015-12-16-1.jpg\" alt=\"\" \/>&nbsp;<\/p>\n<p style=\"text-align: center\">&nbsp;<\/p>\n<p style=\"text-align: center\"><strong>PROWADZ\u0104CY:&nbsp;<\/strong>&nbsp;<\/p>\n<p style=\"text-align: center\">Prof. Szymon Dziamba: <br \/>\n<strong>&quot;Prawie wszystko o zapylaniu &#8211; Murarki w roli g\u0142&oacute;wnej&quot;<\/strong><\/p>\n<p style=\"text-align: center\">&nbsp;<\/p>\n<p style=\"text-align: center\"><strong>MIEJSCE:&nbsp;<\/strong><\/p>\n<p style=\"text-align: center\">Biblioteka G\u0142&oacute;wna Uniwersytetu Przyrodniczego w Lublinie, ul. Akademicka 15, sala 418&nbsp;<\/p>\n<p style=\"text-align: center\"><strong>DATA:<\/strong><\/p>\n<div style=\"text-align: center\">17 grudnia 2015 (czwartek), godz. 14.00<\/div>\n<p style=\"text-align: center\">&nbsp;<\/p>\n<p style=\"text-align: center\">Podczas wyk\u0142adu b\u0119dzie om&oacute;wiona ogromna rola murarek przy zapylaniu ro\u015blin na wiosn\u0119<\/p>\n<p style=\"text-align: center\">&nbsp;<\/p>\n<div style=\"text-align: center\">&nbsp;<\/div>\n","protected":false},"excerpt":{"rendered":"<p>&nbsp; &nbsp; &nbsp; Zapraszamy na kolejny wyk\u0142ad popularnonaukowy w ramach serii: Fascynuj\u0105cy \u015bwiat ro\u015blin &nbsp; &nbsp; &nbsp; &nbsp; PROWADZ\u0104CY:&nbsp;&nbsp; Prof. Szymon Dziamba: &quot;Prawie wszystko o zapylaniu &#8211; Murarki w roli g\u0142&oacute;wnej&quot; &nbsp; MIEJSCE:&nbsp; Biblioteka G\u0142&oacute;wna Uniwersytetu Przyrodniczego w Lublinie, ul. Akademicka 15, sala 418&nbsp; DATA: 17 grudnia 2015 (czwartek), godz. 14.00 &nbsp; Podczas wyk\u0142adu b\u0119dzie [&hellip;]<\/p>\n","protected":false},"author":207,"featured_media":0,"comment_status":"closed","ping_status":"closed","sticky":false,"template":"","format":"standard","meta":{"_monsterinsights_skip_tracking":false,"_monsterinsights_sitenote_active":false,"_monsterinsights_sitenote_note":"","_monsterinsights_sitenote_category":0},"categories":[12],"tags":[],"_links":{"self":[{"href":"https:\/\/up.lublin.pl\/agrobio\/wp-json\/wp\/v2\/posts\/2897"}],"collection":[{"href":"https:\/\/up.lublin.pl\/agrobio\/wp-json\/wp\/v2\/posts"}],"about":[{"href":"https:\/\/up.lublin.pl\/agrobio\/wp-json\/wp\/v2\/types\/post"}],"author":[{"embeddable":true,"href":"https:\/\/up.lublin.pl\/agrobio\/wp-json\/wp\/v2\/users\/207"}],"replies":[{"embeddable":true,"href":"https:\/\/up.lublin.pl\/agrobio\/wp-json\/wp\/v2\/comments?post=2897"}],"version-history":[{"count":1,"href":"https:\/\/up.lublin.pl\/agrobio\/wp-json\/wp\/v2\/posts\/2897\/revisions"}],"predecessor-version":[{"id":148805,"href":"https:\/\/up.lublin.pl\/agrobio\/wp-json\/wp\/v2\/posts\/2897\/revisions\/148805"}],"wp:attachment":[{"href":"https:\/\/up.lublin.pl\/agrobio\/wp-json\/wp\/v2\/media?parent=2897"}],"wp:term":[{"taxonomy":"category","embeddable":true,"href":"https:\/\/up.lublin.pl\/agrobio\/wp-json\/wp\/v2\/categories?post=2897"},{"taxonomy":"post_tag","embeddable":true,"href":"https:\/\/up.lublin.pl\/agrobio\/wp-json\/wp\/v2\/tags?post=2897"}],"curies":[{"name":"wp","href":"https:\/\/api.w.org\/{rel}","templated":true}]}}