{"id":2896,"date":"2015-12-02T09:16:47","date_gmt":"2015-12-02T08:16:47","guid":{"rendered":"http:\/\/up.lublin.pl\/blog\/7371\/"},"modified":"2022-10-25T14:36:36","modified_gmt":"2022-10-25T12:36:36","slug":"73712","status":"publish","type":"post","link":"https:\/\/up.lublin.pl\/agrobio\/73712\/","title":{"rendered":"Najlepsze studenckie projekty na rewitalizacj\u0119 doliny Czerniej\u00f3wki w Lublinie"},"content":{"rendered":"<p><strong><br \/>\n<\/strong><\/p>\n<p><strong>Studenci kierunku gospodarka przestrzenna w ramach zaj\u0119\u0107 z projektowania urbanistycznego przedstawili swoje pomys\u0142y na rewitalizacj\u0119 doliny Czerniej&oacute;wki w Lublinie. Z wykonanych prac zorganizowano w ubieg\u0142ym tygodniu wystaw\u0119, a w jednocze\u015bnie organizowanym konkursie wy\u0142oniono te najlepsze.&nbsp; <\/strong><\/p>\n<p>&nbsp;<\/p>\n<p>&nbsp;<\/p>\n<p style=\"text-align: center\"><strong><img loading=\"lazy\" width=\"600\" height=\"338\" src=\"\/files\/images\/promocja\/media\/relaccje\/20151127_101858.jpg\" alt=\"\" \/><\/strong><\/p>\n<p>&nbsp;<\/p>\n<p>\nOsobami odpowiedzialnymi za konkurs i&nbsp; wystaw\u0119&nbsp; by\u0142y prof. Halina Lipi\u0144ska (Wydzia\u0142 Agrobioin\u017cynierii) i dr Kamila Boguszewska (Wydzia\u0142 Ogrodnictwa i Architektury Krajobrazu).<\/p>\n<p>\nStudenci pracowali w zespo\u0142ach 2 lub 3 osobowych. Ich zadaniem by\u0142o przeprowadzenie stosowanych analiz i zaproponowanie rozwi\u0105za\u0144 projektowych maj\u0105cych na celu popraw\u0119 jako\u015bci \u017cycia mieszka\u0144c&oacute;w tej okolicy. Wa\u017cne by\u0142o r&oacute;wnie\u017c&nbsp; wykorzystanie potencja\u0142u rzeki, co wpisuje si\u0119 w obecne tendencje wychodzenia &quot;miasta do rzeki&quot;&#8217;.<\/p>\n<p>\nNajlepsze prace:<br \/>\n&#8211; I miejsce: Edyta Samojedna i Katarzyna Wodzik &#8211; ( otwarcie projektu na rzek\u0119, my\u015blenie wn\u0119trzami architektoniczno &#8211; krajobrazowymi) <br \/>\n&#8211; II miejsce &#8211; Izabela Stecyk, Urszula Zawadzka, Patrycja W&oacute;jtowicz ( projektowanie z poszanowaniem istniej\u0105cej tkanki urbanistycznej &#8211; struktury zabudowy) <br \/>\n&#8211; III miejsce Joanna Petryszak, Agata Momont, Magdalena Tomasiak ( dobra skala wprowadzonej zabudowy, pr&oacute;ba stworzenia parku zielonych p\u0142uc dla Ko\u015bminka).<\/p>\n<p>&nbsp;<\/p>\n<p>&nbsp;<\/p>\n<p style=\"text-align: center\"><img loading=\"lazy\" width=\"600\" height=\"338\" src=\"\/files\/images\/promocja\/media\/relaccje\/20151127_102015.jpg\" alt=\"\" \/><\/p>\n<p>&nbsp;<\/p>\n<p>\nJak podkre\u015bla dr Kamila Boguszewska: &bdquo;To ju\u017c druga edycja konkursu i mamy nadziej\u0119 na jego&nbsp; kontynuacj\u0119. G\u0142&oacute;wn\u0105 ide\u0105 jest docenienie prace kursowe wykonywanych przez student&oacute;w gospodarki przestrzennej w ramach zaj\u0119\u0107 &bdquo;Projektowanie Urbanistyczne&rdquo;. Studenci mierz\u0105 si\u0119 tutaj po raz pierwszy z problemami projektowymi takimi, jak projektowanie nowej zabudowy z poszanowaniem istniej\u0105cej ju\u017c tkanki urbanistycznej, rozwi\u0105zuj\u0105 problemy skali, a tak\u017ce wpisuj\u0105 si\u0119 swoim projektem w uwarunkowania ekofizjograficzne terenu. Wszystko poprzedzone jest cz\u0119\u015bci\u0105 analityczn\u0105.&rdquo;<\/p>\n<p>\nStudenci zaprezentowali swoje prace na planszach, a projekt zosta\u0142 przedstawiony na modelu.<\/p>\n<p>\nKonkurs dedykowany jest studentom kierunku gospodarka przestrzenna na II roku. <br \/>\n&nbsp;<\/p>\n<p><a href=\"http:\/\/www.up.lublin.pl\/gospodarka-przestrzenna\/\">[wi\u0119cej informacji nt. kierunku gospodarka przestrzenna]<\/a><\/p>\n<p>&nbsp;<\/p>\n<p>&nbsp;<\/p>\n<p>&nbsp;<\/p>\n<p>&#8212;&#8212;&#8212;&#8211;<\/p>\n<p>BPU<\/p>\n","protected":false},"excerpt":{"rendered":"<p>Studenci kierunku gospodarka przestrzenna w ramach zaj\u0119\u0107 z projektowania urbanistycznego przedstawili swoje pomys\u0142y na rewitalizacj\u0119 doliny Czerniej&oacute;wki w Lublinie. Z wykonanych prac zorganizowano w ubieg\u0142ym tygodniu wystaw\u0119, a w jednocze\u015bnie organizowanym konkursie wy\u0142oniono te najlepsze.&nbsp; &nbsp; &nbsp; &nbsp; Osobami odpowiedzialnymi za konkurs i&nbsp; wystaw\u0119&nbsp; by\u0142y prof. Halina Lipi\u0144ska (Wydzia\u0142 Agrobioin\u017cynierii) i dr Kamila Boguszewska (Wydzia\u0142 [&hellip;]<\/p>\n","protected":false},"author":207,"featured_media":0,"comment_status":"closed","ping_status":"closed","sticky":false,"template":"","format":"standard","meta":{"_monsterinsights_skip_tracking":false,"_monsterinsights_sitenote_active":false,"_monsterinsights_sitenote_note":"","_monsterinsights_sitenote_category":0},"categories":[12],"tags":[],"_links":{"self":[{"href":"https:\/\/up.lublin.pl\/agrobio\/wp-json\/wp\/v2\/posts\/2896"}],"collection":[{"href":"https:\/\/up.lublin.pl\/agrobio\/wp-json\/wp\/v2\/posts"}],"about":[{"href":"https:\/\/up.lublin.pl\/agrobio\/wp-json\/wp\/v2\/types\/post"}],"author":[{"embeddable":true,"href":"https:\/\/up.lublin.pl\/agrobio\/wp-json\/wp\/v2\/users\/207"}],"replies":[{"embeddable":true,"href":"https:\/\/up.lublin.pl\/agrobio\/wp-json\/wp\/v2\/comments?post=2896"}],"version-history":[{"count":1,"href":"https:\/\/up.lublin.pl\/agrobio\/wp-json\/wp\/v2\/posts\/2896\/revisions"}],"predecessor-version":[{"id":148806,"href":"https:\/\/up.lublin.pl\/agrobio\/wp-json\/wp\/v2\/posts\/2896\/revisions\/148806"}],"wp:attachment":[{"href":"https:\/\/up.lublin.pl\/agrobio\/wp-json\/wp\/v2\/media?parent=2896"}],"wp:term":[{"taxonomy":"category","embeddable":true,"href":"https:\/\/up.lublin.pl\/agrobio\/wp-json\/wp\/v2\/categories?post=2896"},{"taxonomy":"post_tag","embeddable":true,"href":"https:\/\/up.lublin.pl\/agrobio\/wp-json\/wp\/v2\/tags?post=2896"}],"curies":[{"name":"wp","href":"https:\/\/api.w.org\/{rel}","templated":true}]}}