{"id":2895,"date":"2015-11-09T10:06:54","date_gmt":"2015-11-09T09:06:54","guid":{"rendered":"http:\/\/up.lublin.pl\/blog\/7294\/"},"modified":"2022-10-25T14:36:24","modified_gmt":"2022-10-25T12:36:24","slug":"72941","status":"publish","type":"post","link":"https:\/\/up.lublin.pl\/agrobio\/72941\/","title":{"rendered":"Zmar\u0142a  Krystyna Powi\u015bla\u0144ska"},"content":{"rendered":"<p style=\"text-align: center\">&nbsp;<\/p>\n<p style=\"text-align: center\">&nbsp;<\/p>\n<p style=\"text-align: center\"><img loading=\"lazy\" width=\"130\" height=\"97\" alt=\"\" src=\"\/files\/images\/navig\/zaloba-krzyz.jpg\" \/><\/p>\n<p style=\"text-align: center\">&nbsp;<\/p>\n<p style=\"text-align: center\">&nbsp;Z g\u0142\u0119bokim \u017calem zawiadamiamy,&nbsp;<\/p>\n<div style=\"text-align: center\">\u017ce w dniu 31 pa\u017adziernika 2015 r. zmar\u0142a w wieku 68 lat<\/div>\n<div style=\"text-align: center\">&nbsp;<\/div>\n<div style=\"text-align: center;font-size: 160%\">Krystyna Powi\u015bla\u0144ska&nbsp;<\/div>\n<div style=\"text-align: center\">&nbsp;<\/div>\n<div style=\"text-align: center\">emerytowany wieloletni pracownik Dziekanatu Agrobioin\u017cynierii<\/div>\n<div style=\"text-align: center\">Uniwersytetu Przyrodniczego w Lublinie&nbsp;<\/div>\n<div style=\"text-align: center\">&nbsp;<\/div>\n<div style=\"text-align: center\">&nbsp;<\/div>\n<div style=\"text-align: center\">Uroczysto\u015bci pogrzebowe odb\u0119d\u0105 si\u0119&nbsp;<\/div>\n<div style=\"text-align: center\"><strong>6 listopada 2015 r. &nbsp;o godz. 13:00&nbsp;<\/strong><\/div>\n<div style=\"text-align: center\">w kaplicy cmentarnej przy ul. Lipowej w Lublinie&nbsp;<\/div>\n<div style=\"text-align: center\">&nbsp;<\/div>\n<div style=\"text-align: center\">&nbsp;<\/div>\n<div style=\"text-align: center\">Dziekan i pracownicy Wydzia\u0142u Agrobioin\u017cynierii&nbsp;<\/div>\n<div style=\"text-align: center\">&nbsp; Uniwersytetu Przyrodniczego w Lublinie.<\/div>\n<div style=\"text-align: center\">&nbsp;<\/div>\n<p>&nbsp;<\/p>\n","protected":false},"excerpt":{"rendered":"<p>&nbsp; &nbsp; &nbsp; &nbsp;Z g\u0142\u0119bokim \u017calem zawiadamiamy,&nbsp; \u017ce w dniu 31 pa\u017adziernika 2015 r. zmar\u0142a w wieku 68 lat &nbsp; Krystyna Powi\u015bla\u0144ska&nbsp; &nbsp; emerytowany wieloletni pracownik Dziekanatu Agrobioin\u017cynierii Uniwersytetu Przyrodniczego w Lublinie&nbsp; &nbsp; &nbsp; Uroczysto\u015bci pogrzebowe odb\u0119d\u0105 si\u0119&nbsp; 6 listopada 2015 r. &nbsp;o godz. 13:00&nbsp; w kaplicy cmentarnej przy ul. Lipowej w Lublinie&nbsp; &nbsp; &nbsp; [&hellip;]<\/p>\n","protected":false},"author":214,"featured_media":0,"comment_status":"closed","ping_status":"closed","sticky":false,"template":"","format":"standard","meta":{"_monsterinsights_skip_tracking":false,"_monsterinsights_sitenote_active":false,"_monsterinsights_sitenote_note":"","_monsterinsights_sitenote_category":0},"categories":[12],"tags":[],"_links":{"self":[{"href":"https:\/\/up.lublin.pl\/agrobio\/wp-json\/wp\/v2\/posts\/2895"}],"collection":[{"href":"https:\/\/up.lublin.pl\/agrobio\/wp-json\/wp\/v2\/posts"}],"about":[{"href":"https:\/\/up.lublin.pl\/agrobio\/wp-json\/wp\/v2\/types\/post"}],"author":[{"embeddable":true,"href":"https:\/\/up.lublin.pl\/agrobio\/wp-json\/wp\/v2\/users\/214"}],"replies":[{"embeddable":true,"href":"https:\/\/up.lublin.pl\/agrobio\/wp-json\/wp\/v2\/comments?post=2895"}],"version-history":[{"count":1,"href":"https:\/\/up.lublin.pl\/agrobio\/wp-json\/wp\/v2\/posts\/2895\/revisions"}],"predecessor-version":[{"id":148804,"href":"https:\/\/up.lublin.pl\/agrobio\/wp-json\/wp\/v2\/posts\/2895\/revisions\/148804"}],"wp:attachment":[{"href":"https:\/\/up.lublin.pl\/agrobio\/wp-json\/wp\/v2\/media?parent=2895"}],"wp:term":[{"taxonomy":"category","embeddable":true,"href":"https:\/\/up.lublin.pl\/agrobio\/wp-json\/wp\/v2\/categories?post=2895"},{"taxonomy":"post_tag","embeddable":true,"href":"https:\/\/up.lublin.pl\/agrobio\/wp-json\/wp\/v2\/tags?post=2895"}],"curies":[{"name":"wp","href":"https:\/\/api.w.org\/{rel}","templated":true}]}}