{"id":2594,"date":"2021-04-07T13:51:00","date_gmt":"2021-04-07T11:51:00","guid":{"rendered":"https:\/\/up.lublin.pl\/agrobio\/?p=2594"},"modified":"2021-04-16T13:52:06","modified_gmt":"2021-04-16T11:52:06","slug":"publiczna-dyskusja-nad-rozprawa-doktorska-mgr-inz-mariusza-stanislawa-stepaniuka","status":"publish","type":"post","link":"https:\/\/up.lublin.pl\/agrobio\/publiczna-dyskusja-nad-rozprawa-doktorska-mgr-inz-mariusza-stanislawa-stepaniuka\/","title":{"rendered":"Publiczna dyskusja nad rozpraw\u0105 doktorsk\u0105 mgr. in\u017c. Mariusza Stanis\u0142awa Stepaniuka"},"content":{"rendered":"\n<p><a href=\"https:\/\/up.lublin.pl\/files\/agrobio\/przewody-doktorskie\/Stepaniuk\/zawiadomienie_o_obronie.pdf\" target=\"_blank\" rel=\"noreferrer noopener\">Publiczna dyskusja nad rozpraw\u0105 doktorsk\u0105 <strong>mgr. in\u017c. Mariusza Stanis\u0142awa Stepaniuka<\/strong> w dyscyplinie: rolnictwo i ogrodnictwo.<\/a><\/p>\n\n\n\n<p><a href=\"https:\/\/up.lublin.pl\/files\/agrobio\/przewody-doktorskie\/Stepaniuk\/zawiadomienie_o_obronie.pdf\" target=\"_blank\" rel=\"noreferrer noopener\">Tytu\u0142 rozprawy doktorskiej: <strong>\u201eEfektywno\u015b\u0107 plonotw\u00f3rcza siarki w zale\u017cno\u015bci od poziomu i sposobu jej aplikacji w monokulturze rzepaku ozimego\u201d<\/strong><\/a><\/p>\n","protected":false},"excerpt":{"rendered":"<p>Publiczna dyskusja nad rozpraw\u0105 doktorsk\u0105 mgr. in\u017c. Mariusza Stanis\u0142awa Stepaniuka w dyscyplinie: rolnictwo i ogrodnictwo. Tytu\u0142 rozprawy doktorskiej: \u201eEfektywno\u015b\u0107 plonotw\u00f3rcza siarki w zale\u017cno\u015bci od poziomu i sposobu jej aplikacji w monokulturze rzepaku ozimego\u201d<\/p>\n","protected":false},"author":2,"featured_media":0,"comment_status":"closed","ping_status":"closed","sticky":false,"template":"","format":"standard","meta":{"_monsterinsights_skip_tracking":false,"_monsterinsights_sitenote_active":false,"_monsterinsights_sitenote_note":"","_monsterinsights_sitenote_category":0},"categories":[12],"tags":[],"_links":{"self":[{"href":"https:\/\/up.lublin.pl\/agrobio\/wp-json\/wp\/v2\/posts\/2594"}],"collection":[{"href":"https:\/\/up.lublin.pl\/agrobio\/wp-json\/wp\/v2\/posts"}],"about":[{"href":"https:\/\/up.lublin.pl\/agrobio\/wp-json\/wp\/v2\/types\/post"}],"author":[{"embeddable":true,"href":"https:\/\/up.lublin.pl\/agrobio\/wp-json\/wp\/v2\/users\/2"}],"replies":[{"embeddable":true,"href":"https:\/\/up.lublin.pl\/agrobio\/wp-json\/wp\/v2\/comments?post=2594"}],"version-history":[{"count":1,"href":"https:\/\/up.lublin.pl\/agrobio\/wp-json\/wp\/v2\/posts\/2594\/revisions"}],"predecessor-version":[{"id":2595,"href":"https:\/\/up.lublin.pl\/agrobio\/wp-json\/wp\/v2\/posts\/2594\/revisions\/2595"}],"wp:attachment":[{"href":"https:\/\/up.lublin.pl\/agrobio\/wp-json\/wp\/v2\/media?parent=2594"}],"wp:term":[{"taxonomy":"category","embeddable":true,"href":"https:\/\/up.lublin.pl\/agrobio\/wp-json\/wp\/v2\/categories?post=2594"},{"taxonomy":"post_tag","embeddable":true,"href":"https:\/\/up.lublin.pl\/agrobio\/wp-json\/wp\/v2\/tags?post=2594"}],"curies":[{"name":"wp","href":"https:\/\/api.w.org\/{rel}","templated":true}]}}