{"id":2581,"date":"2021-04-14T13:49:00","date_gmt":"2021-04-14T11:49:00","guid":{"rendered":"https:\/\/up.lublin.pl\/agrobio\/?p=2581"},"modified":"2021-04-16T13:51:13","modified_gmt":"2021-04-16T11:51:13","slug":"zmarla-profesor-halina-borkowska","status":"publish","type":"post","link":"https:\/\/up.lublin.pl\/agrobio\/zmarla-profesor-halina-borkowska\/","title":{"rendered":"Zmar\u0142a Profesor Halina Borkowska"},"content":{"rendered":"\n<div class=\"wp-block-image\"><figure class=\"aligncenter\"><a href=\"https:\/\/up.lublin.pl\/wp-content\/uploads\/2021\/04\/zaloba.jpg\"><img src=\"https:\/\/up.lublin.pl\/wp-content\/uploads\/2021\/04\/zaloba.jpg\" alt=\"\" class=\"wp-image-135485\"\/><\/a><\/figure><\/div>\n\n\n\n<p>Z g\u0142\u0119bokim \u017calem zawiadamiamy,<br>\u017ce 12 kwietnia 2021 r. zmar\u0142a<\/p>\n\n\n\n<p>\u015a.P.<\/p>\n\n\n\n<h3>Prof. dr hab. Halina Borkowska<\/h3>\n\n\n\n<p>Nauczyciel akademicki, d\u0142ugoletni pracownik naukowy<br>Katedry Technologii Produkcji Ro\u015blinnej i Towaroznawstwa, Uniwersytetu Przyrodniczego w Lublinie<br>ceniony nauczyciel akademicki i wychowawca wielu pokole\u0144 student\u00f3w.<\/p>\n\n\n\n<p>Za sw\u0105 dzia\u0142alno\u015b\u0107 Profesor zosta\u0142a uhonorowana Medalem Komisji Edukacji Narodowej,<br>Srebrnym Krzy\u017cem Zas\u0142ugi oraz wieloma innymi wyr\u00f3\u017cnieniami naukowymi i honorowymi.<\/p>\n\n\n\n<p>W osobie Pani Profesor Uniwersytet Przyrodniczy w Lublinie straci\u0142 szanowanego uczonego,<br>promotora prac doktorskich, wychowawc\u0119 wielu pokole\u0144 student\u00f3w, przyjaciela m\u0142odzie\u017cy.<\/p>\n\n\n\n<p>Zapami\u0119tamy J\u0105 jako cz\u0142owieka \u017cyczliwego, ch\u0119tnie dziel\u0105cego si\u0119 swoim do\u015bwiadczeniem i wiedz\u0105,<br>a tak\u017ce jako wspania\u0142\u0105, serdeczn\u0105 Kole\u017cank\u0119, na kt\u00f3r\u0105 zawsze mo\u017cna by\u0142o liczy\u0107.<\/p>\n\n\n\n<p><strong>Cze\u015b\u0107 Jej Pami\u0119ci!<\/strong><\/p>\n\n\n\n<p>Pracownicy Katedry Technologii Produkcji Ro\u015blinnej i Towaroznawstwa Wydzia\u0142u Agrobioin\u017cynierii<br>Uniwersytetu Przyrodniczego w Lublinie.<\/p>\n\n\n\n<p>Rodzinie Zmar\u0142ej wyrazy g\u0142\u0119bokiego wsp\u00f3\u0142czucia sk\u0142adaj\u0105<\/p>\n\n\n\n<p>Rektor i Senat Uniwersytetu Przyrodniczego w Lublinie,<br>Dziekan, Rada Dyscypliny Rolnictwa i Ogrodnictwa,<br>Kolegium Dzieka\u0144skie Wydzia\u0142u Agrobioin\u017cynierii,<br>pracownicy i studenci Uniwersytetu Przyrodniczego w Lublinie.<\/p>\n\n\n\n<hr class=\"wp-block-separator\"\/>\n\n\n\n<p>Uroczysto\u015bci pogrzebowe odb\u0119d\u0105 si\u0119 <strong>19 kwietnia 2021 r.<\/strong><\/p>\n\n\n\n<p>Msza \u015bw. o godzinie 12.00 w kaplicy cmentarnej przy <strong>ul. Droga M\u0119czennik\u00f3w Majdanka 71<\/strong> w Lublinie,<br>a nast\u0119pnie pogrzeb na miejscowym cmentarzu.<\/p>\n","protected":false},"excerpt":{"rendered":"<p>Z g\u0142\u0119bokim \u017calem zawiadamiamy,\u017ce 12 kwietnia 2021 r. zmar\u0142a \u015a.P. Prof. dr hab. Halina Borkowska Nauczyciel akademicki, d\u0142ugoletni pracownik naukowyKatedry Technologii Produkcji Ro\u015blinnej i Towaroznawstwa, Uniwersytetu Przyrodniczego w Lublinieceniony nauczyciel akademicki i wychowawca wielu pokole\u0144 student\u00f3w. Za sw\u0105 dzia\u0142alno\u015b\u0107 Profesor zosta\u0142a uhonorowana Medalem Komisji Edukacji Narodowej,Srebrnym Krzy\u017cem Zas\u0142ugi oraz wieloma innymi wyr\u00f3\u017cnieniami naukowymi i honorowymi. [&hellip;]<\/p>\n","protected":false},"author":2,"featured_media":0,"comment_status":"closed","ping_status":"closed","sticky":false,"template":"","format":"standard","meta":{"_monsterinsights_skip_tracking":false,"_monsterinsights_sitenote_active":false,"_monsterinsights_sitenote_note":"","_monsterinsights_sitenote_category":0},"categories":[12],"tags":[],"_links":{"self":[{"href":"https:\/\/up.lublin.pl\/agrobio\/wp-json\/wp\/v2\/posts\/2581"}],"collection":[{"href":"https:\/\/up.lublin.pl\/agrobio\/wp-json\/wp\/v2\/posts"}],"about":[{"href":"https:\/\/up.lublin.pl\/agrobio\/wp-json\/wp\/v2\/types\/post"}],"author":[{"embeddable":true,"href":"https:\/\/up.lublin.pl\/agrobio\/wp-json\/wp\/v2\/users\/2"}],"replies":[{"embeddable":true,"href":"https:\/\/up.lublin.pl\/agrobio\/wp-json\/wp\/v2\/comments?post=2581"}],"version-history":[{"count":1,"href":"https:\/\/up.lublin.pl\/agrobio\/wp-json\/wp\/v2\/posts\/2581\/revisions"}],"predecessor-version":[{"id":2593,"href":"https:\/\/up.lublin.pl\/agrobio\/wp-json\/wp\/v2\/posts\/2581\/revisions\/2593"}],"wp:attachment":[{"href":"https:\/\/up.lublin.pl\/agrobio\/wp-json\/wp\/v2\/media?parent=2581"}],"wp:term":[{"taxonomy":"category","embeddable":true,"href":"https:\/\/up.lublin.pl\/agrobio\/wp-json\/wp\/v2\/categories?post=2581"},{"taxonomy":"post_tag","embeddable":true,"href":"https:\/\/up.lublin.pl\/agrobio\/wp-json\/wp\/v2\/tags?post=2581"}],"curies":[{"name":"wp","href":"https:\/\/api.w.org\/{rel}","templated":true}]}}