{"id":2048,"date":"2015-10-07T09:57:52","date_gmt":"2015-10-07T07:57:52","guid":{"rendered":"http:\/\/up.lublin.pl\/blog\/7157\/"},"modified":"2022-10-25T14:36:16","modified_gmt":"2022-10-25T12:36:16","slug":"71570","status":"publish","type":"post","link":"https:\/\/up.lublin.pl\/agrobio\/71570\/","title":{"rendered":"SKN Gospodarki Przestrzennej zaprasza na spotkanie"},"content":{"rendered":"<p style=\"text-align: center\">&nbsp;<\/p>\n<p style=\"text-align: center\"><img loading=\"lazy\" width=\"219\" height=\"177\" src=\"\/files\/images\/logo\/logo-obce\/kolo-gospodarki-przestrzen.jpg\" alt=\"\" \/><\/p>\n<p style=\"text-align: center\">&nbsp;<\/p>\n<p style=\"text-align: center\">Wszystkich student&oacute;w gospodarki przestrzennej chc\u0105cych pog\u0142\u0119bia\u0107 swoj\u0105 wiedz\u0119 z zakresu urbanistyki, planowana przestrzennego i marketingu terytorialnego zapraszamy <strong>na pierwsze spotkanie ko\u0142a <\/strong>w nowym roku akademickim.<\/p>\n<p style=\"text-align: center\">&nbsp;<\/p>\n<p style=\"text-align: center\">\u015broda 7 pa\u017adziernika 2015<\/p>\n<p style=\"text-align: center\">Sala 211, Agro I, godzina 18.00<\/p>\n<p style=\"text-align: center\">&nbsp;<\/p>\n<p style=\"text-align: center\"><a href=\"https:\/\/youtu.be\/LSI2k5VzofE\"><img loading=\"lazy\" src=\"\/files\/images\/navig\/youtube-logo.jpg\" width=\"70\" height=\"31\" alt=\"\" \/><\/a><\/p>\n<p style=\"text-align: center\"><a href=\"https:\/\/youtu.be\/LSI2k5VzofE\">https:\/\/youtu.be\/LSI2k5VzofE<\/a><img src=\"\/files\/images\/navig\/skyline.jpg\" alt=\"\" \/><\/p>\n","protected":false},"excerpt":{"rendered":"<p>&nbsp; &nbsp; Wszystkich student&oacute;w gospodarki przestrzennej chc\u0105cych pog\u0142\u0119bia\u0107 swoj\u0105 wiedz\u0119 z zakresu urbanistyki, planowana przestrzennego i marketingu terytorialnego zapraszamy na pierwsze spotkanie ko\u0142a w nowym roku akademickim. &nbsp; \u015broda 7 pa\u017adziernika 2015 Sala 211, Agro I, godzina 18.00 &nbsp; https:\/\/youtu.be\/LSI2k5VzofE<\/p>\n","protected":false},"author":207,"featured_media":0,"comment_status":"closed","ping_status":"closed","sticky":false,"template":"","format":"standard","meta":{"_monsterinsights_skip_tracking":false,"_monsterinsights_sitenote_active":false,"_monsterinsights_sitenote_note":"","_monsterinsights_sitenote_category":0},"categories":[12],"tags":[],"_links":{"self":[{"href":"https:\/\/up.lublin.pl\/agrobio\/wp-json\/wp\/v2\/posts\/2048"}],"collection":[{"href":"https:\/\/up.lublin.pl\/agrobio\/wp-json\/wp\/v2\/posts"}],"about":[{"href":"https:\/\/up.lublin.pl\/agrobio\/wp-json\/wp\/v2\/types\/post"}],"author":[{"embeddable":true,"href":"https:\/\/up.lublin.pl\/agrobio\/wp-json\/wp\/v2\/users\/207"}],"replies":[{"embeddable":true,"href":"https:\/\/up.lublin.pl\/agrobio\/wp-json\/wp\/v2\/comments?post=2048"}],"version-history":[{"count":1,"href":"https:\/\/up.lublin.pl\/agrobio\/wp-json\/wp\/v2\/posts\/2048\/revisions"}],"predecessor-version":[{"id":148803,"href":"https:\/\/up.lublin.pl\/agrobio\/wp-json\/wp\/v2\/posts\/2048\/revisions\/148803"}],"wp:attachment":[{"href":"https:\/\/up.lublin.pl\/agrobio\/wp-json\/wp\/v2\/media?parent=2048"}],"wp:term":[{"taxonomy":"category","embeddable":true,"href":"https:\/\/up.lublin.pl\/agrobio\/wp-json\/wp\/v2\/categories?post=2048"},{"taxonomy":"post_tag","embeddable":true,"href":"https:\/\/up.lublin.pl\/agrobio\/wp-json\/wp\/v2\/tags?post=2048"}],"curies":[{"name":"wp","href":"https:\/\/api.w.org\/{rel}","templated":true}]}}