{"id":164784,"date":"2026-04-30T23:21:55","date_gmt":"2026-04-30T21:21:55","guid":{"rendered":"https:\/\/up.lublin.pl\/agrobio\/?p=164784"},"modified":"2026-04-30T23:21:55","modified_gmt":"2026-04-30T21:21:55","slug":"bezplatne-warsztaty-dla-studentow-w-ramach-projektu-kawiarenki","status":"publish","type":"post","link":"https:\/\/up.lublin.pl\/agrobio\/bezplatne-warsztaty-dla-studentow-w-ramach-projektu-kawiarenki\/","title":{"rendered":"Bezp\u0142atne warsztaty dla student\u00f3w w ramach projektu \u201eKawiarenki\u201d"},"content":{"rendered":"<p><strong>Drodzy Studenci,<\/strong><\/p>\n<p>Wiosenna edycja projektu \u201eKawiarenki\u201d w\u0142a\u015bnie wystartowa\u0142a! \u2728<\/p>\n<p>Program warsztat\u00f3w zosta\u0142 opracowany w oparciu o Wasze potrzeby i opinie z ankiet \u2013 dzi\u0119kujemy za Wasze zaanga\u017cowanie!<\/p>\n<p>Zapraszamy do udzia\u0142u w inicjatywie \u0142\u0105cz\u0105cej student\u00f3w lubelskich uczelni ze \u015bwiatem biznesu. To doskona\u0142a okazja do zdobycia praktycznych umiej\u0119tno\u015bci, poszerzenia wiedzy oraz nawi\u0105zania warto\u015bciowych kontakt\u00f3w z przedstawicielami firm. \ud83e\udd1d<\/p>\n<p>Projekt realizowany jest przez Wydzia\u0142 Strategii i Obs\u0142ugi Inwestor\u00f3w we wsp\u00f3\u0142pracy z lubelskim sektorem nowoczesnych us\u0142ug dla biznesu.<\/p>\n<p><strong>Program tegorocznej edycji obejmuje m.in.:<\/strong><\/p>\n<ul>\n<li>komunikacj\u0119 i budowanie wizerunku w mediach spo\u0142eczno\u015bciowych,<\/li>\n<li>usprawnianie codziennych proces\u00f3w,<\/li>\n<li>rozw\u00f3j kompetencji mi\u0119kkich,<\/li>\n<li>zagadnienia techniczne, w tym prac\u0119 w systemie Linux,<\/li>\n<li>warsztaty z zakresu rekrutacji i autoprezentacji.<\/li>\n<\/ul>\n<p>Spotkania z przedstawicielami firm pozwol\u0105 lepiej zrozumie\u0107 aktualne potrzeby rynku oraz trendy w sektorze nowoczesnych us\u0142ug.<\/p>\n<p>To nie tylko mo\u017cliwo\u015b\u0107 zdobycia praktycznej wiedzy, ale tak\u017ce szansa na bezpo\u015bredni kontakt z ekspertami i rozw\u00f3j sieci zawodowych relacji.<\/p>\n<p>\ud83d\udc49 Wszystkie informacje o warsztatach znajdziecie tutaj: <span id=\"mcntmcntOBJ_PREFIX_DWT4779_com_zimbra_url\" class=\"mcntmcntObject\"><span id=\"mcntmcntOBJ_PREFIX_DWT4785_com_zimbra_url\" class=\"mcntmcntObject\"><a href=\"https:\/\/kompetencjejutra.lublin.eu\/mapa-aktywnosci\/\" target=\"_blank\" rel=\"noopener\"><strong>Mapa aktywno\u015bci<\/strong><\/a><\/span><\/span><br \/>\n\ud83d\udc49 Rejestracja do projektu odbywa si\u0119 poprzez formularz zg\u0142oszeniowy:<span id=\"mcntmcntOBJ_PREFIX_DWT4780_com_zimbra_url\" class=\"mcntmcntObject\"><span id=\"mcntmcntOBJ_PREFIX_DWT4786_com_zimbra_url\" class=\"mcntmcntObject\"><a href=\"https:\/\/kompetencjejutra.lublin.eu\/formularz-zgloszeniowy-dla-uczestnikow\/\" target=\"_blank\" rel=\"noopener\"><strong> Formularz rejestracyjny<\/strong><\/a><\/span><\/span><\/p>\n<p><strong>Wa\u017cne informacje organizacyjne:<\/strong><\/p>\n<ul>\n<li id=\"ext-gen1660\">rejestracja na warsztaty rusza <strong>4 maja o godz. 9:00<\/strong>,<\/li>\n<li>pierwsze warsztaty rozpoczn\u0105 si\u0119 <strong>19 maja<\/strong>,<\/li>\n<li>liczba miejsc jest ograniczona \u2013 <strong>jeden uczestnik mo\u017ce wzi\u0105\u0107 udzia\u0142 w jednej aktywno\u015bci,<\/strong><\/li>\n<li>w przypadku ch\u0119ci udzia\u0142u w dodatkowych warsztatach prosimy o kontakt mailowy: <span id=\"mcntmcntOBJ_PREFIX_DWT4781_ZmEmailObjectHandler\" class=\"mcntmcntObject\"><span id=\"mcntmcntOBJ_PREFIX_DWT4787_ZmEmailObjectHandler\" class=\"mcntmcntObject\"><a class=\"mailto\" title=\"Wy\u015blij e-mail do zsadlo@lublin.eu\" href=\"mailto:zsadlo@lublin.eu\" target=\"_blank\" rel=\"noopener\">zsadlo@lublin.eu<\/a><\/span><\/span>,<\/li>\n<li>po zako\u0144czeniu warsztat\u00f3w uczestnicy otrzymaj\u0105 <strong>certyfikat udzia\u0142u<\/strong>.<\/li>\n<\/ul>\n<p>&nbsp;<\/p>\n<p><img loading=\"lazy\" class=\"alignnone wp-image-164789\" src=\"https:\/\/up.lublin.pl\/agrobio\/wp-content\/uploads\/sites\/2\/2026\/04\/Kawiarenki.jpg\" alt=\"\" width=\"720\" height=\"509\" \/><\/p>\n<p>&nbsp;<\/p>\n<p><img loading=\"lazy\" class=\"alignnone wp-image-164785\" src=\"https:\/\/up.lublin.pl\/agrobio\/wp-content\/uploads\/sites\/2\/2026\/04\/Kawiarenki-project.jpg\" alt=\"\" width=\"720\" height=\"509\" \/><\/p>\n","protected":false},"excerpt":{"rendered":"<p>Drodzy Studenci, Wiosenna edycja projektu \u201eKawiarenki\u201d w\u0142a\u015bnie wystartowa\u0142a! \u2728 Program warsztat\u00f3w zosta\u0142 opracowany w oparciu o Wasze potrzeby i opinie z ankiet \u2013 dzi\u0119kujemy za Wasze zaanga\u017cowanie! Zapraszamy do udzia\u0142u w inicjatywie \u0142\u0105cz\u0105cej student\u00f3w lubelskich uczelni ze \u015bwiatem biznesu. To doskona\u0142a okazja do zdobycia praktycznych umiej\u0119tno\u015bci, poszerzenia wiedzy oraz nawi\u0105zania warto\u015bciowych kontakt\u00f3w z przedstawicielami firm. [&hellip;]<\/p>\n","protected":false},"author":207,"featured_media":0,"comment_status":"closed","ping_status":"closed","sticky":false,"template":"","format":"standard","meta":{"_monsterinsights_skip_tracking":false,"_monsterinsights_sitenote_active":false,"_monsterinsights_sitenote_note":"","_monsterinsights_sitenote_category":0},"categories":[12],"tags":[],"_links":{"self":[{"href":"https:\/\/up.lublin.pl\/agrobio\/wp-json\/wp\/v2\/posts\/164784"}],"collection":[{"href":"https:\/\/up.lublin.pl\/agrobio\/wp-json\/wp\/v2\/posts"}],"about":[{"href":"https:\/\/up.lublin.pl\/agrobio\/wp-json\/wp\/v2\/types\/post"}],"author":[{"embeddable":true,"href":"https:\/\/up.lublin.pl\/agrobio\/wp-json\/wp\/v2\/users\/207"}],"replies":[{"embeddable":true,"href":"https:\/\/up.lublin.pl\/agrobio\/wp-json\/wp\/v2\/comments?post=164784"}],"version-history":[{"count":3,"href":"https:\/\/up.lublin.pl\/agrobio\/wp-json\/wp\/v2\/posts\/164784\/revisions"}],"predecessor-version":[{"id":164795,"href":"https:\/\/up.lublin.pl\/agrobio\/wp-json\/wp\/v2\/posts\/164784\/revisions\/164795"}],"wp:attachment":[{"href":"https:\/\/up.lublin.pl\/agrobio\/wp-json\/wp\/v2\/media?parent=164784"}],"wp:term":[{"taxonomy":"category","embeddable":true,"href":"https:\/\/up.lublin.pl\/agrobio\/wp-json\/wp\/v2\/categories?post=164784"},{"taxonomy":"post_tag","embeddable":true,"href":"https:\/\/up.lublin.pl\/agrobio\/wp-json\/wp\/v2\/tags?post=164784"}],"curies":[{"name":"wp","href":"https:\/\/api.w.org\/{rel}","templated":true}]}}