{"id":164724,"date":"2026-04-21T18:55:17","date_gmt":"2026-04-21T16:55:17","guid":{"rendered":"https:\/\/up.lublin.pl\/agrobio\/?p=164724"},"modified":"2026-04-21T18:55:17","modified_gmt":"2026-04-21T16:55:17","slug":"o-kierunku-bioinzynieria-w-agrowiesciach","status":"publish","type":"post","link":"https:\/\/up.lublin.pl\/agrobio\/o-kierunku-bioinzynieria-w-agrowiesciach\/","title":{"rendered":"O kierunku bioin\u017cynieria w Agrowie\u015bciach!"},"content":{"rendered":"<p>20 kwietnia w programie Agrowie\u015bci go\u015bcili pracownicy naszej Uczelni prezentuj\u0105c kierunek bioin\u017cynieria, realizowany na naszym Wydziale. W ostatnim czasie kierunek otrzyma\u0142 Certyfikat Doskona\u0142o\u015bci Kszta\u0142cenia nadany przez Polsk\u0105 Komisj\u0119 Akredytacyjn\u0105. To wyr\u00f3\u017cnienie przyznawane jest corocznie w tej kategorii tylko trzem kierunkom ze wszystkich uczelni z ca\u0142ej Polski, co budzi nasz\u0105 szczeg\u00f3ln\u0105 rado\u015b\u0107. O kierunku w Agrowie\u015bciach opowiadaj\u0105: Pani prof. dr hab. Sylwia Oko\u0144 &#8211; przewodnicz\u0105ca Rady Programowej oraz dr in\u017c. Kamil Drabik &#8211; pr\u0119\u017cnie rozwijaj\u0105cy si\u0119 absolwent tego kierunku:<\/p>\n<p>&nbsp;<\/p>\n<p><a href=\"https:\/\/lublin.tvp.pl\/26765557\/agro-wiesci\">https:\/\/lublin.tvp.pl\/26765557\/agro-wiesci<\/a>\u00a0 (od 6 minuty 45 sekundy).<\/p>\n<p>&nbsp;<\/p>\n<p>Zapraszamy do zapoznania si\u0119 z kierunkiem oraz do rekrutacji, kt\u00f3ra rozpoczyna si\u0119 od 4 maja br.!<\/p>\n","protected":false},"excerpt":{"rendered":"<p>20 kwietnia w programie Agrowie\u015bci go\u015bcili pracownicy naszej Uczelni prezentuj\u0105c kierunek bioin\u017cynieria, realizowany na naszym Wydziale. W ostatnim czasie kierunek otrzyma\u0142 Certyfikat Doskona\u0142o\u015bci Kszta\u0142cenia nadany przez Polsk\u0105 Komisj\u0119 Akredytacyjn\u0105. To wyr\u00f3\u017cnienie przyznawane jest corocznie w tej kategorii tylko trzem kierunkom ze wszystkich uczelni z ca\u0142ej Polski, co budzi nasz\u0105 szczeg\u00f3ln\u0105 rado\u015b\u0107. O kierunku w Agrowie\u015bciach [&hellip;]<\/p>\n","protected":false},"author":207,"featured_media":0,"comment_status":"closed","ping_status":"closed","sticky":false,"template":"","format":"standard","meta":{"_monsterinsights_skip_tracking":false,"_monsterinsights_sitenote_active":false,"_monsterinsights_sitenote_note":"","_monsterinsights_sitenote_category":0},"categories":[12],"tags":[],"_links":{"self":[{"href":"https:\/\/up.lublin.pl\/agrobio\/wp-json\/wp\/v2\/posts\/164724"}],"collection":[{"href":"https:\/\/up.lublin.pl\/agrobio\/wp-json\/wp\/v2\/posts"}],"about":[{"href":"https:\/\/up.lublin.pl\/agrobio\/wp-json\/wp\/v2\/types\/post"}],"author":[{"embeddable":true,"href":"https:\/\/up.lublin.pl\/agrobio\/wp-json\/wp\/v2\/users\/207"}],"replies":[{"embeddable":true,"href":"https:\/\/up.lublin.pl\/agrobio\/wp-json\/wp\/v2\/comments?post=164724"}],"version-history":[{"count":8,"href":"https:\/\/up.lublin.pl\/agrobio\/wp-json\/wp\/v2\/posts\/164724\/revisions"}],"predecessor-version":[{"id":164732,"href":"https:\/\/up.lublin.pl\/agrobio\/wp-json\/wp\/v2\/posts\/164724\/revisions\/164732"}],"wp:attachment":[{"href":"https:\/\/up.lublin.pl\/agrobio\/wp-json\/wp\/v2\/media?parent=164724"}],"wp:term":[{"taxonomy":"category","embeddable":true,"href":"https:\/\/up.lublin.pl\/agrobio\/wp-json\/wp\/v2\/categories?post=164724"},{"taxonomy":"post_tag","embeddable":true,"href":"https:\/\/up.lublin.pl\/agrobio\/wp-json\/wp\/v2\/tags?post=164724"}],"curies":[{"name":"wp","href":"https:\/\/api.w.org\/{rel}","templated":true}]}}