{"id":163839,"date":"2026-02-16T14:43:23","date_gmt":"2026-02-16T13:43:23","guid":{"rendered":"https:\/\/up.lublin.pl\/agrobio\/?p=163839"},"modified":"2026-02-16T14:46:08","modified_gmt":"2026-02-16T13:46:08","slug":"zmarla-mgr-inz-malgorzata-gosniak","status":"publish","type":"post","link":"https:\/\/up.lublin.pl\/agrobio\/zmarla-mgr-inz-malgorzata-gosniak\/","title":{"rendered":"Zmar\u0142a mgr in\u017c. Ma\u0142gorzata Go\u015bniak"},"content":{"rendered":"\t\t<div data-elementor-type=\"wp-post\" data-elementor-id=\"163839\" class=\"elementor elementor-163839\" data-elementor-settings=\"[]\">\n\t\t\t\t\t\t<div class=\"elementor-inner\">\n\t\t\t\t\t\t\t<div class=\"elementor-section-wrap\">\n\t\t\t\t\t\t\t<section class=\"elementor-section elementor-top-section elementor-element elementor-element-73aef29 elementor-section-boxed elementor-section-height-default elementor-section-height-default\" data-id=\"73aef29\" data-element_type=\"section\">\n\t\t\t\t\t\t<div class=\"elementor-container elementor-column-gap-default\">\n\t\t\t\t\t\t\t<div class=\"elementor-row\">\n\t\t\t\t\t<div class=\"elementor-column elementor-col-100 elementor-top-column elementor-element elementor-element-54658b5\" data-id=\"54658b5\" data-element_type=\"column\">\n\t\t\t<div class=\"elementor-column-wrap elementor-element-populated\">\n\t\t\t\t\t\t\t<div class=\"elementor-widget-wrap\">\n\t\t\t\t\t\t<div class=\"elementor-element elementor-element-592ab97 elementor-widget elementor-widget-m5c\" data-id=\"592ab97\" data-element_type=\"widget\" data-widget_type=\"m5c.default\">\n\t\t\t\t<div class=\"elementor-widget-container\">\n\t\t\t<section class=\"mn-m5-c mn-m5-d2 mn-bg-white\">\n\t<div class=\"mn-grid\">\n\t\t\t\t<div class=\"mn-content mn-grid-9\">\n\t\t\t                <div class=\"mn-content-block active\">\n\t                                                        <div class=\"block-text\">\n\t                                        <p><a href=\"https:\/\/up.lublin.pl\/wp-content\/uploads\/2021\/05\/in_memoriam_tresc.jpg\"><img loading=\"lazy\" class=\"aligncenter  wp-image-157842\" src=\"https:\/\/up.lublin.pl\/wp-content\/uploads\/2021\/05\/in_memoriam_tresc.jpg\" alt=\"czarna wst\u0105\u017cka \u017ca\u0142obna\" width=\"122\" height=\"122\" \/><\/a><\/p>\n<p style=\"text-align: center;\"><strong>Z g\u0142\u0119bokim \u017calem zawiadamiamy, \u017ce w&nbsp;dniu 15 lutego 2026 r. zmar\u0142a<br \/><\/strong><strong>prze\u017cywszy 68 lat<\/strong><\/p>\n<h3 style=\"text-align: center;\"><strong>\u015a. \u2020 P.<br \/><\/strong><em><strong>\u00a0mgr in\u017c. Ma\u0142gorzata Go\u015bniak<\/strong><\/em><\/h3>\n<p style=\"text-align: center;\">wieloletni pracownik i&nbsp;kierownik dziekanatu Wydzia\u0142u Agrobioin\u017cynierii (Rolniczego)<br \/>Uniwersytetu Przyrodniczego w&nbsp;Lublinie,<\/p>\n<p style=\"text-align: center;\"><strong>Cze\u015b\u0107 Jej Pami\u0119ci!<\/strong><\/p>\n<p style=\"text-align: center;\">Rodzinie Zmar\u0142ej wyrazy g\u0142\u0119bokiego \u017calu i&nbsp;wsp\u00f3\u0142czucia<br \/>sk\u0142adaj\u0105<br \/><em>JM Rektor, Dziekan i&nbsp;Kolegium Dzieka\u0144skie Wydzia\u0142u Agrobioin\u017cynierii,<\/em><br \/><em>pracownicy i&nbsp;studenci<\/em><br \/><em>Uniwersytetu Przyrodniczego w&nbsp;Lublinie<\/em><\/p>\n<p style=\"text-align: center;\"><a href=\"https:\/\/up.lublin.pl\/wp-content\/uploads\/2025\/01\/separator-2.png\"><img loading=\"lazy\" class=\"aligncenter  wp-image-456385\" src=\"https:\/\/up.lublin.pl\/wp-content\/uploads\/2025\/01\/separator-2.png\" alt=\"\" width=\"171\" height=\"6\" \/><\/a><\/p>\n<p style=\"text-align: center;\">Msza \u015awi\u0119ta \u017ba\u0142obna odprawiona zostanie w&nbsp;ko\u015bciele parafialnym pw. Matki Bo\u017cej Nieustaj\u0105cej Pomocy w\u00a0Radawcu Du\u017cym dnia 21 lutego 2026 r. o&nbsp;godzinie 14.00<\/p>\n                                        <\/div>\n\t\t\t\t\t\t                                <\/div>\n\t\t\t\t                <div class=\"mn-content-block\">\n\t                                <\/div>\n\t\t\t\t                <div class=\"mn-content-block\">\n\t                                <\/div>\n\t\t\t\t                <div class=\"mn-content-block\">\n\t                                <\/div>\n\t\t\t\t                <div class=\"mn-content-block\">\n\t                                <\/div>\n\t\t\t\t                <div class=\"mn-content-block\">\n\t                                <\/div>\n\t\t\t\t                <div class=\"mn-content-block\">\n\t                                <\/div>\n\t\t\t\t                <div class=\"mn-content-block\">\n\t                                <\/div>\n\t\t\t\t                <div class=\"mn-content-block\">\n\t                                <\/div>\n\t\t\t\t                <div class=\"mn-content-block\">\n\t                                <\/div>\n\t\t\t\t                <div class=\"mn-content-block\">\n\t                                <\/div>\n\t\t\t\t                <div class=\"mn-content-block\">\n\t                                <\/div>\n\t\t\t\t                <div class=\"mn-content-block\">\n\t                                <\/div>\n\t\t\t\t                <div class=\"mn-content-block\">\n\t                                <\/div>\n\t\t\t\t                <div class=\"mn-content-block\">\n\t                                <\/div>\n\t\t\t\t                <div class=\"mn-content-block\">\n\t                                <\/div>\n\t\t\t\t                <div class=\"mn-content-block\">\n\t                                <\/div>\n\t\t\t\t                <div class=\"mn-content-block\">\n\t                                <\/div>\n\t\t\t\t                <div class=\"mn-content-block\">\n\t                                <\/div>\n\t\t\t\t                <div class=\"mn-content-block\">\n\t                                <\/div>\n\t\t\t\t\t\t<\/div>\n\t<\/div>\n<\/section>\n\t\t<\/div>\n\t\t\t\t<\/div>\n\t\t\t\t\t\t<\/div>\n\t\t\t\t\t<\/div>\n\t\t<\/div>\n\t\t\t\t\t\t\t\t<\/div>\n\t\t\t\t\t<\/div>\n\t\t<\/section>\n\t\t\t\t\t\t<\/div>\n\t\t\t\t\t\t<\/div>\n\t\t\t\t\t<\/div>\n\t\t","protected":false},"excerpt":{"rendered":"<p>Z g\u0142\u0119bokim \u017calem zawiadamiamy, \u017ce w&nbsp;dniu 15 lutego 2026 r. zmar\u0142aprze\u017cywszy 68 lat \u015a. \u2020 P.\u00a0mgr in\u017c. Ma\u0142gorzata Go\u015bniak wieloletni pracownik i&nbsp;kierownik dziekanatu Wydzia\u0142u Agrobioin\u017cynierii (Rolniczego)Uniwersytetu Przyrodniczego w&nbsp;Lublinie, Cze\u015b\u0107 Jej Pami\u0119ci! Rodzinie Zmar\u0142ej wyrazy g\u0142\u0119bokiego \u017calu i&nbsp;wsp\u00f3\u0142czuciask\u0142adaj\u0105JM Rektor, Dziekan i&nbsp;Kolegium Dzieka\u0144skie Wydzia\u0142u Agrobioin\u017cynierii,pracownicy i&nbsp;studenciUniwersytetu Przyrodniczego w&nbsp;Lublinie Msza \u015awi\u0119ta \u017ba\u0142obna odprawiona zostanie w&nbsp;ko\u015bciele parafialnym pw. Matki [&hellip;]<\/p>\n","protected":false},"author":2,"featured_media":154086,"comment_status":"closed","ping_status":"closed","sticky":false,"template":"elementor_header_footer","format":"standard","meta":{"_monsterinsights_skip_tracking":false,"_monsterinsights_sitenote_active":false,"_monsterinsights_sitenote_note":"","_monsterinsights_sitenote_category":0},"categories":[12],"tags":[],"_links":{"self":[{"href":"https:\/\/up.lublin.pl\/agrobio\/wp-json\/wp\/v2\/posts\/163839"}],"collection":[{"href":"https:\/\/up.lublin.pl\/agrobio\/wp-json\/wp\/v2\/posts"}],"about":[{"href":"https:\/\/up.lublin.pl\/agrobio\/wp-json\/wp\/v2\/types\/post"}],"author":[{"embeddable":true,"href":"https:\/\/up.lublin.pl\/agrobio\/wp-json\/wp\/v2\/users\/2"}],"replies":[{"embeddable":true,"href":"https:\/\/up.lublin.pl\/agrobio\/wp-json\/wp\/v2\/comments?post=163839"}],"version-history":[{"count":4,"href":"https:\/\/up.lublin.pl\/agrobio\/wp-json\/wp\/v2\/posts\/163839\/revisions"}],"predecessor-version":[{"id":163843,"href":"https:\/\/up.lublin.pl\/agrobio\/wp-json\/wp\/v2\/posts\/163839\/revisions\/163843"}],"wp:featuredmedia":[{"embeddable":true,"href":"https:\/\/up.lublin.pl\/agrobio\/wp-json\/wp\/v2\/media\/154086"}],"wp:attachment":[{"href":"https:\/\/up.lublin.pl\/agrobio\/wp-json\/wp\/v2\/media?parent=163839"}],"wp:term":[{"taxonomy":"category","embeddable":true,"href":"https:\/\/up.lublin.pl\/agrobio\/wp-json\/wp\/v2\/categories?post=163839"},{"taxonomy":"post_tag","embeddable":true,"href":"https:\/\/up.lublin.pl\/agrobio\/wp-json\/wp\/v2\/tags?post=163839"}],"curies":[{"name":"wp","href":"https:\/\/api.w.org\/{rel}","templated":true}]}}