{"id":163832,"date":"2026-02-16T13:46:26","date_gmt":"2026-02-16T12:46:26","guid":{"rendered":"https:\/\/up.lublin.pl\/agrobio\/?p=163832"},"modified":"2026-02-23T14:39:38","modified_gmt":"2026-02-23T13:39:38","slug":"kondolencje-dla-dr-hab-malgorzaty-haliniarz","status":"publish","type":"post","link":"https:\/\/up.lublin.pl\/agrobio\/kondolencje-dla-dr-hab-malgorzaty-haliniarz\/","title":{"rendered":"Kondolencje dla dr hab. Ma\u0142gorzaty Haliniarz"},"content":{"rendered":"<p><img loading=\"lazy\" class=\"wp-image-163833 aligncenter\" src=\"https:\/\/up.lublin.pl\/agrobio\/wp-content\/uploads\/sites\/2\/2026\/02\/kondolencje.jpg\" alt=\"\" width=\"200\" height=\"200\" \/><\/p>\n<p>&nbsp;<\/p>\n<p style=\"text-align: center;\">Naszej serdecznej\u00a0 Kole\u017cance<br \/>\ndr hab. Haliniarz Ma\u0142gorzacie prof. uczelni<br \/>\noraz<br \/>\nJej \u00a0 Rodzinie<br \/>\nz powodu \u015bmierci<\/p>\n<p style=\"text-align: center;\"><strong><em>Taty<\/em><\/strong><\/p>\n<p style=\"text-align: center;\">sk\u0142adamy g\u0142\u0119bokie wyrazy wsp\u00f3\u0142czucia, kieruj\u0105c przy tym \u017cyczliwe<br \/>\ns\u0142owa otuchy i\u00a0wsparcia.<\/p>\n<p style=\"text-align: center;\">Kolegium Dzieka\u0144skie oraz<\/p>\n<p style=\"text-align: center;\">Pracownicy Katedry Herbologii i\u00a0Technik Uprawy Ro\u015blin<br \/>\nUniwersytetu Przyrodniczego w\u00a0Lublinie.<\/p>\n<p>&nbsp;<\/p>\n","protected":false},"excerpt":{"rendered":"<p>&nbsp; Naszej serdecznej\u00a0 Kole\u017cance dr hab. Haliniarz Ma\u0142gorzacie prof. uczelni oraz Jej \u00a0 Rodzinie z powodu \u015bmierci Taty sk\u0142adamy g\u0142\u0119bokie wyrazy wsp\u00f3\u0142czucia, kieruj\u0105c przy tym \u017cyczliwe s\u0142owa otuchy i\u00a0wsparcia. Kolegium Dzieka\u0144skie oraz Pracownicy Katedry Herbologii i\u00a0Technik Uprawy Ro\u015blin Uniwersytetu Przyrodniczego w\u00a0Lublinie. &nbsp;<\/p>\n","protected":false},"author":207,"featured_media":154086,"comment_status":"closed","ping_status":"closed","sticky":false,"template":"","format":"standard","meta":{"_monsterinsights_skip_tracking":false,"_monsterinsights_sitenote_active":false,"_monsterinsights_sitenote_note":"","_monsterinsights_sitenote_category":0},"categories":[12],"tags":[],"_links":{"self":[{"href":"https:\/\/up.lublin.pl\/agrobio\/wp-json\/wp\/v2\/posts\/163832"}],"collection":[{"href":"https:\/\/up.lublin.pl\/agrobio\/wp-json\/wp\/v2\/posts"}],"about":[{"href":"https:\/\/up.lublin.pl\/agrobio\/wp-json\/wp\/v2\/types\/post"}],"author":[{"embeddable":true,"href":"https:\/\/up.lublin.pl\/agrobio\/wp-json\/wp\/v2\/users\/207"}],"replies":[{"embeddable":true,"href":"https:\/\/up.lublin.pl\/agrobio\/wp-json\/wp\/v2\/comments?post=163832"}],"version-history":[{"count":3,"href":"https:\/\/up.lublin.pl\/agrobio\/wp-json\/wp\/v2\/posts\/163832\/revisions"}],"predecessor-version":[{"id":163997,"href":"https:\/\/up.lublin.pl\/agrobio\/wp-json\/wp\/v2\/posts\/163832\/revisions\/163997"}],"wp:featuredmedia":[{"embeddable":true,"href":"https:\/\/up.lublin.pl\/agrobio\/wp-json\/wp\/v2\/media\/154086"}],"wp:attachment":[{"href":"https:\/\/up.lublin.pl\/agrobio\/wp-json\/wp\/v2\/media?parent=163832"}],"wp:term":[{"taxonomy":"category","embeddable":true,"href":"https:\/\/up.lublin.pl\/agrobio\/wp-json\/wp\/v2\/categories?post=163832"},{"taxonomy":"post_tag","embeddable":true,"href":"https:\/\/up.lublin.pl\/agrobio\/wp-json\/wp\/v2\/tags?post=163832"}],"curies":[{"name":"wp","href":"https:\/\/api.w.org\/{rel}","templated":true}]}}