{"id":163294,"date":"2026-01-14T14:28:58","date_gmt":"2026-01-14T13:28:58","guid":{"rendered":"https:\/\/up.lublin.pl\/agrobio\/?p=163294"},"modified":"2026-01-14T14:29:48","modified_gmt":"2026-01-14T13:29:48","slug":"iv-miedzynarodowa-konferencja-naukowa-gospodarowanie-przestrzenia-a-zasoby-przyrodnicze-wspoldzielenie-przestrzeni","status":"publish","type":"post","link":"https:\/\/up.lublin.pl\/agrobio\/iv-miedzynarodowa-konferencja-naukowa-gospodarowanie-przestrzenia-a-zasoby-przyrodnicze-wspoldzielenie-przestrzeni\/","title":{"rendered":"IV Mi\u0119dzynarodowa Konferencja Naukowa: Gospodarowanie Przestrzeni\u0105 a Zasoby Przyrodnicze \u2013 \u201eWsp\u00f3\u0142dzielenie Przestrzeni\u201d"},"content":{"rendered":"\t\t<div data-elementor-type=\"wp-post\" data-elementor-id=\"163294\" class=\"elementor elementor-163294\" data-elementor-settings=\"[]\">\n\t\t\t\t\t\t<div class=\"elementor-inner\">\n\t\t\t\t\t\t\t<div class=\"elementor-section-wrap\">\n\t\t\t\t\t\t\t<section class=\"elementor-section elementor-top-section elementor-element elementor-element-d38999e elementor-section-boxed elementor-section-height-default elementor-section-height-default\" data-id=\"d38999e\" data-element_type=\"section\">\n\t\t\t\t\t\t<div class=\"elementor-container elementor-column-gap-default\">\n\t\t\t\t\t\t\t<div class=\"elementor-row\">\n\t\t\t\t\t<div class=\"elementor-column elementor-col-100 elementor-top-column elementor-element elementor-element-8879186\" data-id=\"8879186\" data-element_type=\"column\">\n\t\t\t<div class=\"elementor-column-wrap elementor-element-populated\">\n\t\t\t\t\t\t\t<div class=\"elementor-widget-wrap\">\n\t\t\t\t\t\t<div class=\"elementor-element elementor-element-ad6d69d elementor-widget elementor-widget-m5c\" data-id=\"ad6d69d\" data-element_type=\"widget\" data-widget_type=\"m5c.default\">\n\t\t\t\t<div class=\"elementor-widget-container\">\n\t\t\t<section class=\"mn-m5-c mn-m5-d2 mn-bg-white\">\n\t<div class=\"mn-grid\">\n\t\t\t\t<div class=\"mn-content mn-grid-9\">\n\t\t\t                <div class=\"mn-content-block active\">\n\t                                                        <div class=\"block-text\">\n\t                                        <h2><strong>IV Mi\u0119dzynarodowa Konferencja Naukowa: Gospodarowanie Przestrzeni\u0105 a\u00a0Zasoby Przyrodnicze \u2013 \u201eWsp\u00f3\u0142dzielenie Przestrzeni\u201d<\/strong><\/h2>\n<p>Konferencja odb\u0119dzie si\u0119 w&nbsp;dniach\u00a0<strong>10\u201312 czerwca 2026 r. w&nbsp;Zwierzy\u0144cu<\/strong>, na terenie Roztocza\u0144skiego Parku Narodowego.<\/p>\n<p>Wydarzenie to b\u0119dzie wyj\u0105tkow\u0105 okazj\u0105 do wymiany wiedzy i&nbsp;do\u015bwiadcze\u0144 na temat relacji cz\u0142owiek\u2013przyroda\u2013przestrze\u0144, zr\u00f3wnowa\u017conego rozwoju, nowych technologii oraz innowacyjnych rozwi\u0105za\u0144 w&nbsp;planowaniu przestrzennym i&nbsp;ochronie \u015brodowiska. W&nbsp;programie zaplanowano inspiruj\u0105ce wyst\u0105pienia, trzy sesje terenowe oraz przestrze\u0144 do nawi\u0105zywania warto\u015bciowych kontakt\u00f3w naukowych i&nbsp;zawodowych.<\/p>\n<p>Szczeg\u00f3\u0142y znajduj\u0105 si\u0119 na <a href=\"https:\/\/sites.google.com\/view\/konferencjazwierzyniec2026\/strona-g%C5%82%C3%B3wna\">stronie internetowej<\/a>.<\/p>\n<p>Do pobrania: <a href=\"https:\/\/up.lublin.pl\/wp-content\/uploads\/2026\/01\/KOMUNIKAT_1PL.pdf\">Komunikat 1<\/a> (.pdf) \/ <a href=\"https:\/\/up.lublin.pl\/wp-content\/uploads\/2026\/01\/ANNOUNCEMENT-1ENG.pdf\">Announcement 1<\/a> (.pdf)<\/p>\n                                        <\/div>\n\t\t\t\t\t\t                                <\/div>\n\t\t\t\t                <div class=\"mn-content-block\">\n\t                                <\/div>\n\t\t\t\t                <div class=\"mn-content-block\">\n\t                                <\/div>\n\t\t\t\t                <div class=\"mn-content-block\">\n\t                                <\/div>\n\t\t\t\t                <div class=\"mn-content-block\">\n\t                                <\/div>\n\t\t\t\t                <div class=\"mn-content-block\">\n\t                                <\/div>\n\t\t\t\t                <div class=\"mn-content-block\">\n\t                                <\/div>\n\t\t\t\t                <div class=\"mn-content-block\">\n\t                                <\/div>\n\t\t\t\t                <div class=\"mn-content-block\">\n\t                                <\/div>\n\t\t\t\t                <div class=\"mn-content-block\">\n\t                                <\/div>\n\t\t\t\t                <div class=\"mn-content-block\">\n\t                                <\/div>\n\t\t\t\t                <div class=\"mn-content-block\">\n\t                                <\/div>\n\t\t\t\t                <div class=\"mn-content-block\">\n\t                                <\/div>\n\t\t\t\t                <div class=\"mn-content-block\">\n\t                                <\/div>\n\t\t\t\t                <div class=\"mn-content-block\">\n\t                                <\/div>\n\t\t\t\t                <div class=\"mn-content-block\">\n\t                                <\/div>\n\t\t\t\t                <div class=\"mn-content-block\">\n\t                                <\/div>\n\t\t\t\t                <div class=\"mn-content-block\">\n\t                                <\/div>\n\t\t\t\t                <div class=\"mn-content-block\">\n\t                                <\/div>\n\t\t\t\t                <div class=\"mn-content-block\">\n\t                                <\/div>\n\t\t\t\t\t\t<\/div>\n\t<\/div>\n<\/section>\n\t\t<\/div>\n\t\t\t\t<\/div>\n\t\t\t\t\t\t<\/div>\n\t\t\t\t\t<\/div>\n\t\t<\/div>\n\t\t\t\t\t\t\t\t<\/div>\n\t\t\t\t\t<\/div>\n\t\t<\/section>\n\t\t\t\t\t\t<\/div>\n\t\t\t\t\t\t<\/div>\n\t\t\t\t\t<\/div>\n\t\t","protected":false},"excerpt":{"rendered":"<p>IV Mi\u0119dzynarodowa Konferencja Naukowa: Gospodarowanie Przestrzeni\u0105 a\u00a0Zasoby Przyrodnicze \u2013 \u201eWsp\u00f3\u0142dzielenie Przestrzeni\u201d Konferencja odb\u0119dzie si\u0119 w&nbsp;dniach\u00a010\u201312 czerwca 2026 r. w&nbsp;Zwierzy\u0144cu, na terenie Roztocza\u0144skiego Parku Narodowego. Wydarzenie to b\u0119dzie wyj\u0105tkow\u0105 okazj\u0105 do wymiany wiedzy i&nbsp;do\u015bwiadcze\u0144 na temat relacji cz\u0142owiek\u2013przyroda\u2013przestrze\u0144, zr\u00f3wnowa\u017conego rozwoju, nowych technologii oraz innowacyjnych rozwi\u0105za\u0144 w&nbsp;planowaniu przestrzennym i&nbsp;ochronie \u015brodowiska. W&nbsp;programie zaplanowano inspiruj\u0105ce wyst\u0105pienia, trzy sesje terenowe [&hellip;]<\/p>\n","protected":false},"author":2,"featured_media":163224,"comment_status":"closed","ping_status":"closed","sticky":false,"template":"elementor_header_footer","format":"standard","meta":{"_monsterinsights_skip_tracking":false,"_monsterinsights_sitenote_active":false,"_monsterinsights_sitenote_note":"","_monsterinsights_sitenote_category":0},"categories":[12],"tags":[],"_links":{"self":[{"href":"https:\/\/up.lublin.pl\/agrobio\/wp-json\/wp\/v2\/posts\/163294"}],"collection":[{"href":"https:\/\/up.lublin.pl\/agrobio\/wp-json\/wp\/v2\/posts"}],"about":[{"href":"https:\/\/up.lublin.pl\/agrobio\/wp-json\/wp\/v2\/types\/post"}],"author":[{"embeddable":true,"href":"https:\/\/up.lublin.pl\/agrobio\/wp-json\/wp\/v2\/users\/2"}],"replies":[{"embeddable":true,"href":"https:\/\/up.lublin.pl\/agrobio\/wp-json\/wp\/v2\/comments?post=163294"}],"version-history":[{"count":4,"href":"https:\/\/up.lublin.pl\/agrobio\/wp-json\/wp\/v2\/posts\/163294\/revisions"}],"predecessor-version":[{"id":163298,"href":"https:\/\/up.lublin.pl\/agrobio\/wp-json\/wp\/v2\/posts\/163294\/revisions\/163298"}],"wp:featuredmedia":[{"embeddable":true,"href":"https:\/\/up.lublin.pl\/agrobio\/wp-json\/wp\/v2\/media\/163224"}],"wp:attachment":[{"href":"https:\/\/up.lublin.pl\/agrobio\/wp-json\/wp\/v2\/media?parent=163294"}],"wp:term":[{"taxonomy":"category","embeddable":true,"href":"https:\/\/up.lublin.pl\/agrobio\/wp-json\/wp\/v2\/categories?post=163294"},{"taxonomy":"post_tag","embeddable":true,"href":"https:\/\/up.lublin.pl\/agrobio\/wp-json\/wp\/v2\/tags?post=163294"}],"curies":[{"name":"wp","href":"https:\/\/api.w.org\/{rel}","templated":true}]}}