{"id":161290,"date":"2025-04-17T11:33:53","date_gmt":"2025-04-17T09:33:53","guid":{"rendered":"https:\/\/up.lublin.pl\/agrobio\/?p=161290"},"modified":"2025-08-06T14:20:22","modified_gmt":"2025-08-06T12:20:22","slug":"zyczenia-wielkanocne-dziekan-i-kolegium-dziekanskiego-wydzialu","status":"publish","type":"post","link":"https:\/\/up.lublin.pl\/agrobio\/zyczenia-wielkanocne-dziekan-i-kolegium-dziekanskiego-wydzialu\/","title":{"rendered":"\u017byczenia Wielkanocne Dziekan i Kolegium Dzieka\u0144skiego Wydzia\u0142u"},"content":{"rendered":"<p><img loading=\"lazy\" class=\"alignnone wp-image-161298\" src=\"https:\/\/up.lublin.pl\/agrobio\/wp-content\/uploads\/sites\/2\/2025\/04\/Zyczenia-Swiateczne-04.2025-1.jpg\" alt=\"\" width=\"800\" height=\"450\" \/><\/p>\n","protected":false},"excerpt":{"rendered":"","protected":false},"author":207,"featured_media":161846,"comment_status":"closed","ping_status":"closed","sticky":false,"template":"","format":"standard","meta":{"_monsterinsights_skip_tracking":false,"_monsterinsights_sitenote_active":false,"_monsterinsights_sitenote_note":"","_monsterinsights_sitenote_category":0},"categories":[12],"tags":[],"_links":{"self":[{"href":"https:\/\/up.lublin.pl\/agrobio\/wp-json\/wp\/v2\/posts\/161290"}],"collection":[{"href":"https:\/\/up.lublin.pl\/agrobio\/wp-json\/wp\/v2\/posts"}],"about":[{"href":"https:\/\/up.lublin.pl\/agrobio\/wp-json\/wp\/v2\/types\/post"}],"author":[{"embeddable":true,"href":"https:\/\/up.lublin.pl\/agrobio\/wp-json\/wp\/v2\/users\/207"}],"replies":[{"embeddable":true,"href":"https:\/\/up.lublin.pl\/agrobio\/wp-json\/wp\/v2\/comments?post=161290"}],"version-history":[{"count":4,"href":"https:\/\/up.lublin.pl\/agrobio\/wp-json\/wp\/v2\/posts\/161290\/revisions"}],"predecessor-version":[{"id":161302,"href":"https:\/\/up.lublin.pl\/agrobio\/wp-json\/wp\/v2\/posts\/161290\/revisions\/161302"}],"wp:featuredmedia":[{"embeddable":true,"href":"https:\/\/up.lublin.pl\/agrobio\/wp-json\/wp\/v2\/media\/161846"}],"wp:attachment":[{"href":"https:\/\/up.lublin.pl\/agrobio\/wp-json\/wp\/v2\/media?parent=161290"}],"wp:term":[{"taxonomy":"category","embeddable":true,"href":"https:\/\/up.lublin.pl\/agrobio\/wp-json\/wp\/v2\/categories?post=161290"},{"taxonomy":"post_tag","embeddable":true,"href":"https:\/\/up.lublin.pl\/agrobio\/wp-json\/wp\/v2\/tags?post=161290"}],"curies":[{"name":"wp","href":"https:\/\/api.w.org\/{rel}","templated":true}]}}