{"id":161182,"date":"2025-03-25T08:58:11","date_gmt":"2025-03-25T07:58:11","guid":{"rendered":"https:\/\/up.lublin.pl\/agrobio\/?p=161182"},"modified":"2025-04-01T14:14:56","modified_gmt":"2025-04-01T12:14:56","slug":"zaproszenie-na-warsztaty-naukowe-dla-studentow-i-doktorantow-nt-roznorodnosc-biologiczna-lasow-siedliska-przyrodnicze-z-zal-i-dyrektywy-siedliskowej-siedliska-lesne-i-torfowiskowe","status":"publish","type":"post","link":"https:\/\/up.lublin.pl\/agrobio\/zaproszenie-na-warsztaty-naukowe-dla-studentow-i-doktorantow-nt-roznorodnosc-biologiczna-lasow-siedliska-przyrodnicze-z-zal-i-dyrektywy-siedliskowej-siedliska-lesne-i-torfowiskowe\/","title":{"rendered":"Zaproszenie na warsztaty naukowe dla student\u00f3w i doktorant\u00f3w nt. R\u00f3\u017cnorodno\u015b\u0107 biologiczna las\u00f3w. Siedliska przyrodnicze z Za\u0142. I. Dyrektywy Siedliskowej (siedliska le\u015bne i torfowiskowe)."},"content":{"rendered":"<p><img loading=\"lazy\" class=\"alignnone wp-image-161183\" src=\"https:\/\/up.lublin.pl\/agrobio\/wp-content\/uploads\/sites\/2\/2025\/03\/Warsztaty-Roznorodnosc-biologiczna-lasow.jpg\" alt=\"\" width=\"720\" height=\"141\" \/><\/p>\n<p>&nbsp;<\/p>\n<p style=\"text-align: center\">Polska Akademia Nauk, Oddzia\u0142 w Lublinie<br \/>\nUniwersytet Przyrodniczy w Lublinie<br \/>\nPoleski Park Narodowy<\/p>\n<p>&nbsp;<\/p>\n<p style=\"text-align: center\">Warsztaty naukowe dla student\u00f3w i doktorant\u00f3w<br \/>\nR\u00f3\u017cnorodno\u015b\u0107 biologiczna las\u00f3w.<br \/>\nSiedliska przyrodnicze z Za\u0142. I. Dyrektywy Siedliskowej (siedliska le\u015bne i torfowiskowe)<\/p>\n<p>&nbsp;<\/p>\n<p style=\"text-align: left\">Komunikat<br \/>\nwarsztaty odb\u0119d\u0105 si\u0119 w dniach 29-30 maja 2025 roku w Urszulinie w siedzibie Dyrekcji Poleskiego<br \/>\nParku Narodowego przy ul. Lubelskiej 3a<\/p>\n<p>&nbsp;<\/p>\n<p style=\"text-align: left\">Agenda Warsztat\u00f3w:<br \/>\n<strong>29.05.2025 \u2013 czwartek<\/strong><br \/>\n900 \u2013 1000 \u2013 rejestracja uczestnik\u00f3w w siedzibie PPN<br \/>\n1000 \u2013 1015 \u2013 rozpocz\u0119cie Warsztat\u00f3w<br \/>\n1015 \u2013 1215 \u2013 wyk\u0142ad na temat siedlisk przyrodniczych i ich monitoringu<br \/>\n1215 \u2013 1300 \u2013 przerwa kawowa<br \/>\n1300 \u2013 1700 \u2013 zaj\u0119cia terenowe<br \/>\n1800 \u2013 2100 \u2013 spotkanie integracyjne przy ognisku<\/p>\n<p>&nbsp;<\/p>\n<p style=\"text-align: left\"><strong>30.05. 2025 \u2013 pi\u0105tek<\/strong><br \/>\n930 \u20131015 \u2013 sesja referatowa \u201eWalory przyrodnicze Poleskiego Parku Narodowego\u201d<br \/>\n1015 \u2013 1030 \u2013 przerwa kawowa<br \/>\n1030 \u2013 1400 \u2013 weryfikacja nabytych umiej\u0119tno\u015bci w zakresie rozpoznawania i monitoringu<br \/>\nwybranych siedlisk przyrodniczych<br \/>\n1400 \u2013 1430 \u2013 podsumowanie warsztat\u00f3w, wr\u0119czenie certyfikat\u00f3w<\/p>\n<p>&nbsp;<\/p>\n<p style=\"text-align: center\">Zapisy przyjmowane s\u0105 pod adresem joanna.sender@up.lublin.pl z dopiskiem WARSZTATY_25\/liczba<br \/>\nmiejsc ograniczona, decyduje kolejno\u015b\u0107 zg\u0142osze\u0144\/<br \/>\nOrganizatorzy zapewniaj\u0105 nocleg, transport na zaj\u0119cia terenowe, przerwy na kaw\u0119 i herbat\u0119, ognisko z<br \/>\ncateringiem. Nie zapewniaj\u0105 wy\u017cywienia oraz dojazdu do Urszulina.<br \/>\nPrzypominamy tak\u017ce o dostosowaniu stroju terenowego do r\u00f3\u017cnych warunk\u00f3w pogodowych.<\/p>\n<p>&nbsp;<\/p>\n<p style=\"text-align: left\">Organizatorzy ze strony Uniwersytetu Przyrodniczego w Lublinie:<br \/>\nprof. dr. hab Danuta Urban \u2013 Instytut Gleboznawstwa, In\u017cynierii i Kszta\u0142towania \u015arodowiska;<br \/>\ndr Joanna Sender \u2013 Katedra Hydrobiologii i Ochrony Ekosystem\u00f3w<\/p>\n<p>&nbsp;<\/p>\n<p><a href=\"https:\/\/up.lublin.pl\/agrobio\/wp-content\/uploads\/sites\/2\/2025\/03\/Komunikat_25.pdf\">Pobierz zaproszenie w wersji PDF<\/a><\/p>\n","protected":false},"excerpt":{"rendered":"<p>&nbsp; Polska Akademia Nauk, Oddzia\u0142 w Lublinie Uniwersytet Przyrodniczy w Lublinie Poleski Park Narodowy &nbsp; Warsztaty naukowe dla student\u00f3w i doktorant\u00f3w R\u00f3\u017cnorodno\u015b\u0107 biologiczna las\u00f3w. Siedliska przyrodnicze z Za\u0142. I. Dyrektywy Siedliskowej (siedliska le\u015bne i torfowiskowe) &nbsp; Komunikat warsztaty odb\u0119d\u0105 si\u0119 w dniach 29-30 maja 2025 roku w Urszulinie w siedzibie Dyrekcji Poleskiego Parku Narodowego przy [&hellip;]<\/p>\n","protected":false},"author":207,"featured_media":154561,"comment_status":"closed","ping_status":"closed","sticky":false,"template":"","format":"standard","meta":{"_monsterinsights_skip_tracking":false,"_monsterinsights_sitenote_active":false,"_monsterinsights_sitenote_note":"","_monsterinsights_sitenote_category":0},"categories":[12],"tags":[],"_links":{"self":[{"href":"https:\/\/up.lublin.pl\/agrobio\/wp-json\/wp\/v2\/posts\/161182"}],"collection":[{"href":"https:\/\/up.lublin.pl\/agrobio\/wp-json\/wp\/v2\/posts"}],"about":[{"href":"https:\/\/up.lublin.pl\/agrobio\/wp-json\/wp\/v2\/types\/post"}],"author":[{"embeddable":true,"href":"https:\/\/up.lublin.pl\/agrobio\/wp-json\/wp\/v2\/users\/207"}],"replies":[{"embeddable":true,"href":"https:\/\/up.lublin.pl\/agrobio\/wp-json\/wp\/v2\/comments?post=161182"}],"version-history":[{"count":9,"href":"https:\/\/up.lublin.pl\/agrobio\/wp-json\/wp\/v2\/posts\/161182\/revisions"}],"predecessor-version":[{"id":161250,"href":"https:\/\/up.lublin.pl\/agrobio\/wp-json\/wp\/v2\/posts\/161182\/revisions\/161250"}],"wp:featuredmedia":[{"embeddable":true,"href":"https:\/\/up.lublin.pl\/agrobio\/wp-json\/wp\/v2\/media\/154561"}],"wp:attachment":[{"href":"https:\/\/up.lublin.pl\/agrobio\/wp-json\/wp\/v2\/media?parent=161182"}],"wp:term":[{"taxonomy":"category","embeddable":true,"href":"https:\/\/up.lublin.pl\/agrobio\/wp-json\/wp\/v2\/categories?post=161182"},{"taxonomy":"post_tag","embeddable":true,"href":"https:\/\/up.lublin.pl\/agrobio\/wp-json\/wp\/v2\/tags?post=161182"}],"curies":[{"name":"wp","href":"https:\/\/api.w.org\/{rel}","templated":true}]}}