{"id":161092,"date":"2025-03-06T12:15:05","date_gmt":"2025-03-06T11:15:05","guid":{"rendered":"https:\/\/up.lublin.pl\/agrobio\/?p=161092"},"modified":"2025-08-06T14:21:31","modified_gmt":"2025-08-06T12:21:31","slug":"projekt-laboratorium-agrobionano-technologii-w-instytucie-genetyki-hodowli-i-biotechnologii-roslin","status":"publish","type":"post","link":"https:\/\/up.lublin.pl\/agrobio\/projekt-laboratorium-agrobionano-technologii-w-instytucie-genetyki-hodowli-i-biotechnologii-roslin\/","title":{"rendered":"Projekt \u201eLaboratorium AgroBioNano-Technologii\u201d w Instytucie Genetyki, Hodowli i Biotechnologii Ro\u015blin"},"content":{"rendered":"\t\t<div data-elementor-type=\"wp-post\" data-elementor-id=\"161092\" class=\"elementor elementor-161092\" data-elementor-settings=\"[]\">\n\t\t\t\t\t\t<div class=\"elementor-inner\">\n\t\t\t\t\t\t\t<div class=\"elementor-section-wrap\">\n\t\t\t\t\t\t\t<section class=\"elementor-section elementor-top-section elementor-element elementor-element-f2867c5 elementor-section-boxed elementor-section-height-default elementor-section-height-default\" data-id=\"f2867c5\" data-element_type=\"section\">\n\t\t\t\t\t\t<div class=\"elementor-container elementor-column-gap-default\">\n\t\t\t\t\t\t\t<div class=\"elementor-row\">\n\t\t\t\t\t<div class=\"elementor-column elementor-col-100 elementor-top-column elementor-element elementor-element-a720e6f\" data-id=\"a720e6f\" data-element_type=\"column\">\n\t\t\t<div class=\"elementor-column-wrap elementor-element-populated\">\n\t\t\t\t\t\t\t<div class=\"elementor-widget-wrap\">\n\t\t\t\t\t\t<div class=\"elementor-element elementor-element-c5c9c12 elementor-widget elementor-widget-m5c\" data-id=\"c5c9c12\" data-element_type=\"widget\" data-widget_type=\"m5c.default\">\n\t\t\t\t<div class=\"elementor-widget-container\">\n\t\t\t<section class=\"mn-m5-c mn-m5-d2 mn-bg-white\">\n\t<div class=\"mn-grid\">\n\t\t\t\t<div class=\"mn-content mn-grid-9\">\n\t\t\t                <div class=\"mn-content-block active\">\n\t                                                        <div class=\"block-text\">\n\t                                        <h2>Projekt \u201eLaboratorium AgroBioNano-Technologii\u201d w&nbsp;Instytucie Genetyki, Hodowli i&nbsp;Biotechnologii Ro\u015blin<\/h2>\n<p><strong>Informujemy, \u017ce projekt \u201eLaboratorium AgroBioNano-Technologii\u201d otrzyma\u0142 dofinasowanie w&nbsp;ramach Dzia\u0142ania 1.1. <em>Regionalna infrastruktura badawczo-rozwojowa<\/em> programu Fundusze Europejskie dla Lubelskiego 2021-2027.<\/strong><\/p>\n<p><img loading=\"lazy\" class=\"alignnone size-full wp-image-161098\" src=\"https:\/\/up.lublin.pl\/agrobio\/wp-content\/uploads\/sites\/2\/2025\/03\/dr-hab.-Izabela-Josko-prof.-uczelni-1.jpg\" alt=\"\" width=\"4928\" height=\"3264\" \/>Laboratorium AgroBioNano-Technologii zostanie utworzone w&nbsp;ramach Instytutu Genetyki, Hodowli i&nbsp;Biotechnologii Ro\u015blin. Laboratorium zostanie wyposa\u017cone w&nbsp;najbardziej zaawansowany technologicznie spektrometr single particle\/single cell ICP-MS sprz\u0119\u017cony z&nbsp;systemem do specjacji HPLC i&nbsp;cytometrem przep\u0142ywowym. B\u0119dzie to pierwsza tego typu instalacja w&nbsp;Polsce. Utworzony specjalistyczny warsztat badawczy stworzy nowe perspektywy dla rozwoju nauk rolniczych i&nbsp;przyrodniczych, szczeg\u00f3lnie w&nbsp;kontek\u015bcie metalomiki, oceny potencja\u0142u aplikacyjnego nieorganicznych nanocz\u0105stek oraz detekcji nanocz\u0105stek w&nbsp;\u015brodowisku.<\/p>\n<p>Pomys\u0142odawc\u0105 przedsi\u0119wzi\u0119cia i&nbsp;autorem agendy badawczej jest dr hab.<strong> Izabela Jo\u015bko<\/strong>, profesor uczelni.<\/p>\n<p>Warto\u015b\u0107 ca\u0142ego projektu wynosi 4 765 696,46 z\u0142. Kwota dofinansowania to 3 004 335,52 z\u0142.<\/p>\n<hr \/>\n<p><img loading=\"lazy\" class=\"alignnone size-full wp-image-161167\" src=\"https:\/\/up.lublin.pl\/agrobio\/wp-content\/uploads\/sites\/2\/2025\/03\/Obraz1.jpg\" alt=\"\" width=\"1271\" height=\"135\" \/><\/p>\n                                        <\/div>\n\t\t\t\t\t\t                                <\/div>\n\t\t\t\t                <div class=\"mn-content-block\">\n\t                                <\/div>\n\t\t\t\t                <div class=\"mn-content-block\">\n\t                                <\/div>\n\t\t\t\t                <div class=\"mn-content-block\">\n\t                                <\/div>\n\t\t\t\t                <div class=\"mn-content-block\">\n\t                                <\/div>\n\t\t\t\t                <div class=\"mn-content-block\">\n\t                                <\/div>\n\t\t\t\t                <div class=\"mn-content-block\">\n\t                                <\/div>\n\t\t\t\t                <div class=\"mn-content-block\">\n\t                                <\/div>\n\t\t\t\t                <div class=\"mn-content-block\">\n\t                                <\/div>\n\t\t\t\t                <div class=\"mn-content-block\">\n\t                                <\/div>\n\t\t\t\t                <div class=\"mn-content-block\">\n\t                                <\/div>\n\t\t\t\t                <div class=\"mn-content-block\">\n\t                                <\/div>\n\t\t\t\t                <div class=\"mn-content-block\">\n\t                                <\/div>\n\t\t\t\t                <div class=\"mn-content-block\">\n\t                                <\/div>\n\t\t\t\t                <div class=\"mn-content-block\">\n\t                                <\/div>\n\t\t\t\t                <div class=\"mn-content-block\">\n\t                                <\/div>\n\t\t\t\t                <div class=\"mn-content-block\">\n\t                                <\/div>\n\t\t\t\t                <div class=\"mn-content-block\">\n\t                                <\/div>\n\t\t\t\t                <div class=\"mn-content-block\">\n\t                                <\/div>\n\t\t\t\t                <div class=\"mn-content-block\">\n\t                                <\/div>\n\t\t\t\t\t\t<\/div>\n\t<\/div>\n<\/section>\n\t\t<\/div>\n\t\t\t\t<\/div>\n\t\t\t\t\t\t<\/div>\n\t\t\t\t\t<\/div>\n\t\t<\/div>\n\t\t\t\t\t\t\t\t<\/div>\n\t\t\t\t\t<\/div>\n\t\t<\/section>\n\t\t\t\t\t\t<\/div>\n\t\t\t\t\t\t<\/div>\n\t\t\t\t\t<\/div>\n\t\t","protected":false},"excerpt":{"rendered":"<p>Projekt \u201eLaboratorium AgroBioNano-Technologii\u201d w\u00a0Instytucie Genetyki, Hodowli i\u00a0Biotechnologii Ro\u015blin Informujemy, \u017ce projekt \u201eLaboratorium AgroBioNano-Technologii\u201d otrzyma\u0142 dofinasowanie w\u00a0ramach Dzia\u0142ania 1.1. Regionalna infrastruktura badawczo-rozwojowa programu Fundusze Europejskie dla Lubelskiego 2021-2027. Laboratorium AgroBioNano-Technologii zostanie utworzone w\u00a0ramach Instytutu Genetyki, Hodowli i\u00a0Biotechnologii Ro\u015blin. Laboratorium zostanie wyposa\u017cone w\u00a0najbardziej zaawansowany technologicznie spektrometr single particle\/single cell ICP-MS sprz\u0119\u017cony z\u00a0systemem do specjacji HPLC i\u00a0cytometrem przep\u0142ywowym. [&hellip;]<\/p>\n","protected":false},"author":2,"featured_media":161851,"comment_status":"closed","ping_status":"closed","sticky":false,"template":"elementor_header_footer","format":"standard","meta":{"_monsterinsights_skip_tracking":false,"_monsterinsights_sitenote_active":false,"_monsterinsights_sitenote_note":"","_monsterinsights_sitenote_category":0},"categories":[12],"tags":[],"_links":{"self":[{"href":"https:\/\/up.lublin.pl\/agrobio\/wp-json\/wp\/v2\/posts\/161092"}],"collection":[{"href":"https:\/\/up.lublin.pl\/agrobio\/wp-json\/wp\/v2\/posts"}],"about":[{"href":"https:\/\/up.lublin.pl\/agrobio\/wp-json\/wp\/v2\/types\/post"}],"author":[{"embeddable":true,"href":"https:\/\/up.lublin.pl\/agrobio\/wp-json\/wp\/v2\/users\/2"}],"replies":[{"embeddable":true,"href":"https:\/\/up.lublin.pl\/agrobio\/wp-json\/wp\/v2\/comments?post=161092"}],"version-history":[{"count":9,"href":"https:\/\/up.lublin.pl\/agrobio\/wp-json\/wp\/v2\/posts\/161092\/revisions"}],"predecessor-version":[{"id":161855,"href":"https:\/\/up.lublin.pl\/agrobio\/wp-json\/wp\/v2\/posts\/161092\/revisions\/161855"}],"wp:featuredmedia":[{"embeddable":true,"href":"https:\/\/up.lublin.pl\/agrobio\/wp-json\/wp\/v2\/media\/161851"}],"wp:attachment":[{"href":"https:\/\/up.lublin.pl\/agrobio\/wp-json\/wp\/v2\/media?parent=161092"}],"wp:term":[{"taxonomy":"category","embeddable":true,"href":"https:\/\/up.lublin.pl\/agrobio\/wp-json\/wp\/v2\/categories?post=161092"},{"taxonomy":"post_tag","embeddable":true,"href":"https:\/\/up.lublin.pl\/agrobio\/wp-json\/wp\/v2\/tags?post=161092"}],"curies":[{"name":"wp","href":"https:\/\/api.w.org\/{rel}","templated":true}]}}