{"id":160097,"date":"2025-02-05T13:38:02","date_gmt":"2025-02-05T12:38:02","guid":{"rendered":"https:\/\/up.lublin.pl\/agrobio\/?p=160097"},"modified":"2025-04-01T14:13:26","modified_gmt":"2025-04-01T12:13:26","slug":"uprzejmie-zapraszamy-na-cykl-konferencji-pt-nauka-dla-rolnictwa-szanse-i-zagrozenia-rozwoju-rolnictwa-w-polsce","status":"publish","type":"post","link":"https:\/\/up.lublin.pl\/agrobio\/uprzejmie-zapraszamy-na-cykl-konferencji-pt-nauka-dla-rolnictwa-szanse-i-zagrozenia-rozwoju-rolnictwa-w-polsce\/","title":{"rendered":"Uprzejmie zapraszamy na cykl konferencji pt. \u201eNauka dla rolnictwa \u2013 szanse i zagro\u017cenia rozwoju rolnictwa w Polsce\u201d"},"content":{"rendered":"<p><img loading=\"lazy\" class=\"alignnone wp-image-160110\" src=\"https:\/\/up.lublin.pl\/agrobio\/wp-content\/uploads\/sites\/2\/2025\/02\/Konferencja-Nauka-dla-rolnictwa.jpg\" alt=\"\" width=\"720\" height=\"224\" \/><\/p>\n<p>&nbsp;<\/p>\n<p style=\"text-align: center\">Uprzejmie zapraszamy na cykl konferencji<\/p>\n<p>&nbsp;<\/p>\n<p style=\"text-align: center\">pt. \u201e<strong>NAUKA DLA ROLNICTWA \u2013 SZANSE I ZAGRO\u017bENIA ROZWOJU ROLNICTWA W POLSCE<\/strong>\u201d<\/p>\n<p>&nbsp;<\/p>\n<p style=\"text-align: center\">organizowanych przez <strong>Uniwersytet Przyrodniczy w Lublinie<\/strong><\/p>\n<p style=\"text-align: center\">w dniach 11.02 oraz 25.02.2025 r.<\/p>\n<p>&nbsp;<\/p>\n<p style=\"text-align: center\">Miejsce obrad \u2013 ul. Szafranowa 6, 21-003 Eliz\u00f3wka<\/p>\n<p style=\"text-align: center\">(budynek LRH S.A.)<\/p>\n<p>&nbsp;<\/p>\n<p><strong><u>Partnerzy Konferencji<\/u><\/strong>:<\/p>\n<p>Krajowy O\u015brodek Wsparcia Rolnictwa<\/p>\n<p>Agencja Restrukturyzacji i Modernizacji Rolnictwa<\/p>\n<p>&nbsp;<\/p>\n<p><strong><u>Program konferencji w dn. 11.02.2025 r<\/u><\/strong><strong>. <\/strong><\/p>\n<p>&nbsp;<\/p>\n<p>10.00 Otwarcie konferencji i przywitanie go\u015bci \u2013 <strong><em>prof. dr hab. Cezary A. Kwiatkowski \u2013 UP w Lublinie<\/em><\/strong><\/p>\n<p>&nbsp;<\/p>\n<p>10.10 Wyst\u0105pienie JM Rektora UP w Lublinie <strong><em>prof. dr hab. Krzysztofa Kowalczyka<\/em><\/strong><\/p>\n<p>&nbsp;<\/p>\n<p>10.20 Wyst\u0105pienie przedstawicieli KOWR oraz ARiMR<\/p>\n<p>&nbsp;<\/p>\n<p><strong>10.30-12.30 \u00a0Sesja referatowa 1 oraz dyskusja<\/strong><\/p>\n<p>&nbsp;<\/p>\n<p>10.30-10.50 Pozycja polskiego rolnictwa w Unii Europejskiej \u2013 ocena z perspektywy makroekonomicznej \u2013 <strong><em>dr hab. Anna Nowak, prof. UP w Lublinie<\/em><\/strong><\/p>\n<p>&nbsp;<\/p>\n<p>10.50-11.10 Konkurencyjno\u015b\u0107 handlu rolnego Polski na rynku wewn\u0119trznym UE \u2013 <strong><em>dr Aneta Jarosz-Angowska &#8211; UP w Lublinie<\/em><\/strong><\/p>\n<p>&nbsp;<\/p>\n<p>11.10-11.30 Mo\u017cliwo\u015bci pozyskiwania \u015brodk\u00f3w unijnych na rozw\u00f3j gospodarstw \u2013 <strong><em>Krzysztof Szczepanik &#8211; z-ca Kierownika Biura Wsparcia Inwestycyjnego LOR ARiMR<\/em><\/strong><\/p>\n<p>&nbsp;<\/p>\n<p>11.30-11.50 Monitorowanie rynku konopi w\u0142\u00f3knistych w Polsce <strong><em>\u2013<\/em><\/strong> <strong><em>Monika Ko\u017alakiewicz \u2013 z-ca Dyrektora Departamentu Interwencji Rynkowych KOWR<\/em><\/strong><\/p>\n<p>&nbsp;<\/p>\n<p><strong>12.00-12.30 \u00a0Przerwa kawowa<\/strong><\/p>\n<p>&nbsp;<\/p>\n<p>12.30-13.30 \u00a0Sesja referatowa 2 oraz dyskusja<\/p>\n<p>&nbsp;<\/p>\n<p>12.30-13.05 Ochrona zasob\u00f3w genetycznych zwierz\u0105t szans\u0105 rozwoju ekstensywnych\u00a0 (ma\u0142ych, niskonak\u0142adowych) gospodarstw rolnych na Lubelszczy\u017anie \u2013<strong><em> dr Wioletta Sawicka-Zugaj &#8211; UP w Lublinie <\/em><\/strong><\/p>\n<p>&nbsp;<\/p>\n<p>13.05-13.40 Metody i modele produkcji wo\u0142owiny wysokiej jako\u015bci <strong><em>\u2013 dr hab. Witold Chabuz, prof. UP w Lublinie<\/em><\/strong><\/p>\n<p>&nbsp;<\/p>\n<p>13.40-14.00 \u00a0Podsumowanie wyst\u0105pie\u0144 referatowych<\/p>\n<p>&nbsp;<\/p>\n<p><strong>14.00-15.00 Obiad<\/strong><\/p>\n<p><strong>\u00a0<\/strong><\/p>\n<p><strong><u>Program konferencji w dn. 25.02.2025 r<\/u><\/strong><strong>. <\/strong><\/p>\n<p>&nbsp;<\/p>\n<p>10.00\u00a0 Otwarcie konferencji i przywitanie go\u015bci \u2013 <strong><em>prof. dr hab. Cezary A. Kwiatkowski &#8211; UP w Lublinie <\/em><\/strong><\/p>\n<p>&nbsp;<\/p>\n<p>10.10 Wyst\u0105pienie JM Rektora UP w Lublinie <strong><em>prof. dr hab. Krzysztofa Kowalczyka<\/em><\/strong><\/p>\n<p>&nbsp;<\/p>\n<p>10.20\u00a0 Wyst\u0105pienie przedstawicieli KOWR oraz ARiMR<\/p>\n<p>&nbsp;<\/p>\n<p><strong>10.30-12.30 \u00a0Sesja referatowa 1 oraz dyskusja<\/strong><\/p>\n<p>&nbsp;<\/p>\n<p>10.30-10.50 Rola mi\u0119dzyplon\u00f3w we wsp\u00f3\u0142czesnym rolnictwie<strong><em> \u2013 dr hab. in\u017c. El\u017cbieta Harasim, prof. UP; prof. dr hab. Cezary A. Kwiatkowski &#8211; UP w Lublinie<\/em><\/strong><\/p>\n<p>&nbsp;<\/p>\n<p>10.50-11.10 Chemizacja rolnictwa i \u015bwiadome stosowanie \u015brodk\u00f3w ochrony ro\u015blin &#8211; <strong><em>prof. dr hab. Cezary A. Kwiatkowski, dr hab. in\u017c. El\u017cbieta Harasim, prof. UP w Lublinie<\/em><\/strong><\/p>\n<p>&nbsp;<\/p>\n<p>11.10-11.30 Mo\u017cliwo\u015bci pozyskiwania \u015brodk\u00f3w unijnych na rozw\u00f3j gospodarstw \u2013 <strong><em>Krzysztof Szczepanik &#8211; z-ca Kierownika Biura Wsparcia Inwestycyjnego LOR ARiMR<\/em><\/strong><\/p>\n<p>&nbsp;<\/p>\n<p>11.30-11.50 \u00a0Monitorowanie rynku tytoniu w Polsce \u2013 <strong><em>Monika Ko\u017alakiewicz \u2013 z-ca Dyrektora Departamentu Interwencji Rynkowych KOWR<\/em><\/strong><\/p>\n<p>&nbsp;<\/p>\n<p><strong>12.00-12.30 \u00a0Przerwa kawowa<\/strong><\/p>\n<p>&nbsp;<\/p>\n<p><strong>12.30-13.30 \u00a0Sesja referatowa 2 oraz dyskusja<\/strong><\/p>\n<p>&nbsp;<\/p>\n<p>12.30-13.05 Problem odporno\u015bci chwast\u00f3w na herbicydy<strong><em> \u2013 dr hab. Ma\u0142gorzata Haliniarz, prof. UP w Lublinie<\/em><\/strong><\/p>\n<p>&nbsp;<\/p>\n<p>13.05-13.40 Nowoczesne metody hodowlane byd\u0142a mlecznego, przysz\u0142o\u015bci\u0105 rozwoju mleczarstwa w\u00a0 Polsce<strong><em> \u2013 <\/em><\/strong><strong><em>dr hab. Witold Chabuz, prof. UP w Lublinie<\/em><\/strong><\/p>\n<p>&nbsp;<\/p>\n<p>13.40-14.00 \u00a0Podsumowanie wyst\u0105pie\u0144 referatowych<\/p>\n<p>&nbsp;<\/p>\n<p><strong>14.00-15.00 \u00a0Obiad<\/strong><\/p>\n<p>&nbsp;<\/p>\n<p><strong><u>Komitet Organizacyjny Konferencji<\/u><\/strong><strong>:<\/strong><\/p>\n<p>Prof. dr hab. Cezary A. Kwiatkowski &#8211; UP w Lublinie \u2013 przewodnicz\u0105cy<\/p>\n<p>Dr hab. in\u017c. El\u017cbieta Harasim, \u00a0prof. UP w Lublinie \u2013 sekretarz<\/p>\n<p>Dr hab. Witold Chabuz, prof. UP w Lublinie<\/p>\n<p>Dr hab. Anna Nowak, prof. UP w Lublinie<\/p>\n<p>Dr in\u017c. Agnieszka Surmacz-Magdziak &#8211; UP w Lublinie<\/p>\n<p>&nbsp;<\/p>\n<p><a href=\"https:\/\/up.lublin.pl\/agrobio\/wp-content\/uploads\/sites\/2\/2025\/02\/Konferencja-dla-rolnikw_UP-Lublin_KOWR_ARiMR.pdf\"><strong>Pobierz zaproszenie w wersji PDF<\/strong><\/a><\/p>\n","protected":false},"excerpt":{"rendered":"<p>&nbsp; Uprzejmie zapraszamy na cykl konferencji &nbsp; pt. \u201eNAUKA DLA ROLNICTWA \u2013 SZANSE I ZAGRO\u017bENIA ROZWOJU ROLNICTWA W POLSCE\u201d &nbsp; organizowanych przez Uniwersytet Przyrodniczy w Lublinie w dniach 11.02 oraz 25.02.2025 r. &nbsp; Miejsce obrad \u2013 ul. Szafranowa 6, 21-003 Eliz\u00f3wka (budynek LRH S.A.) &nbsp; Partnerzy Konferencji: Krajowy O\u015brodek Wsparcia Rolnictwa Agencja Restrukturyzacji i Modernizacji [&hellip;]<\/p>\n","protected":false},"author":207,"featured_media":161242,"comment_status":"closed","ping_status":"closed","sticky":false,"template":"","format":"standard","meta":{"_monsterinsights_skip_tracking":false,"_monsterinsights_sitenote_active":false,"_monsterinsights_sitenote_note":"","_monsterinsights_sitenote_category":0},"categories":[12],"tags":[],"_links":{"self":[{"href":"https:\/\/up.lublin.pl\/agrobio\/wp-json\/wp\/v2\/posts\/160097"}],"collection":[{"href":"https:\/\/up.lublin.pl\/agrobio\/wp-json\/wp\/v2\/posts"}],"about":[{"href":"https:\/\/up.lublin.pl\/agrobio\/wp-json\/wp\/v2\/types\/post"}],"author":[{"embeddable":true,"href":"https:\/\/up.lublin.pl\/agrobio\/wp-json\/wp\/v2\/users\/207"}],"replies":[{"embeddable":true,"href":"https:\/\/up.lublin.pl\/agrobio\/wp-json\/wp\/v2\/comments?post=160097"}],"version-history":[{"count":10,"href":"https:\/\/up.lublin.pl\/agrobio\/wp-json\/wp\/v2\/posts\/160097\/revisions"}],"predecessor-version":[{"id":160127,"href":"https:\/\/up.lublin.pl\/agrobio\/wp-json\/wp\/v2\/posts\/160097\/revisions\/160127"}],"wp:featuredmedia":[{"embeddable":true,"href":"https:\/\/up.lublin.pl\/agrobio\/wp-json\/wp\/v2\/media\/161242"}],"wp:attachment":[{"href":"https:\/\/up.lublin.pl\/agrobio\/wp-json\/wp\/v2\/media?parent=160097"}],"wp:term":[{"taxonomy":"category","embeddable":true,"href":"https:\/\/up.lublin.pl\/agrobio\/wp-json\/wp\/v2\/categories?post=160097"},{"taxonomy":"post_tag","embeddable":true,"href":"https:\/\/up.lublin.pl\/agrobio\/wp-json\/wp\/v2\/tags?post=160097"}],"curies":[{"name":"wp","href":"https:\/\/api.w.org\/{rel}","templated":true}]}}