{"id":160090,"date":"2025-02-05T13:07:40","date_gmt":"2025-02-05T12:07:40","guid":{"rendered":"https:\/\/up.lublin.pl\/agrobio\/?p=160090"},"modified":"2025-04-01T14:12:51","modified_gmt":"2025-04-01T12:12:51","slug":"wyrazy-glebokiego-wspolczucia-dla-prof-eugenii-czernyszewicz-z-powodu-smierci-mamy","status":"publish","type":"post","link":"https:\/\/up.lublin.pl\/agrobio\/wyrazy-glebokiego-wspolczucia-dla-prof-eugenii-czernyszewicz-z-powodu-smierci-mamy\/","title":{"rendered":"Wyrazy g\u0142\u0119bokiego wsp\u00f3\u0142czucia dla Prof. Eugenii Czernyszewicz z powodu \u015bmierci Mamy"},"content":{"rendered":"<p style=\"text-align: center\"><img loading=\"lazy\" class=\"alignnone wp-image-157781\" src=\"https:\/\/up.lublin.pl\/agrobio\/wp-content\/uploads\/sites\/2\/2024\/09\/1.jpg\" alt=\"\" width=\"100\" height=\"100\" \/><\/p>\n<p class=\"mcntmcntmcntmcntmcntmcntMsoNormal\" style=\"text-align: center\">Pani dr hab. Eugenii Czernyszewicz, prof. uczelni<\/p>\n<p class=\"mcntmcntmcntmcntmcntmcntmsonormal\" style=\"text-align: center\">wyrazy g\u0142\u0119bokiego wsp\u00f3\u0142czucia<\/p>\n<p>&nbsp;<\/p>\n<h3 class=\"mcntmcntmcntmcntmcntmcntmsonormal\" style=\"text-align: center\">z powodu \u015bmierci<\/h3>\n<p>&nbsp;<\/p>\n<h3 class=\"mcntmcntmcntMsoNormal\" style=\"text-align: center\"><b>Mamy<\/b><\/h3>\n<p>&nbsp;<\/p>\n<p class=\"mcntmcntmcntMsoNormal\" style=\"text-align: center\">sk\u0142adaj\u0105<br \/>\n<em>W\u0142adze Dzieka\u0144skie, <\/em><em>Pracownicy Uczelni\u00a0<\/em><\/p>\n<p class=\"mcntmcntmcntMsoNormal\" style=\"text-align: center\"><em>oraz kole\u017canki i\u00a0koledzy z Katedry Zarz\u0105dzania i Marketingu<\/em><\/p>\n","protected":false},"excerpt":{"rendered":"<p>Pani dr hab. Eugenii Czernyszewicz, prof. uczelni wyrazy g\u0142\u0119bokiego wsp\u00f3\u0142czucia &nbsp; z powodu \u015bmierci &nbsp; Mamy &nbsp; sk\u0142adaj\u0105 W\u0142adze Dzieka\u0144skie, Pracownicy Uczelni\u00a0 oraz kole\u017canki i\u00a0koledzy z Katedry Zarz\u0105dzania i Marketingu<\/p>\n","protected":false},"author":207,"featured_media":154086,"comment_status":"closed","ping_status":"closed","sticky":false,"template":"","format":"standard","meta":{"_monsterinsights_skip_tracking":false,"_monsterinsights_sitenote_active":false,"_monsterinsights_sitenote_note":"","_monsterinsights_sitenote_category":0},"categories":[12],"tags":[],"_links":{"self":[{"href":"https:\/\/up.lublin.pl\/agrobio\/wp-json\/wp\/v2\/posts\/160090"}],"collection":[{"href":"https:\/\/up.lublin.pl\/agrobio\/wp-json\/wp\/v2\/posts"}],"about":[{"href":"https:\/\/up.lublin.pl\/agrobio\/wp-json\/wp\/v2\/types\/post"}],"author":[{"embeddable":true,"href":"https:\/\/up.lublin.pl\/agrobio\/wp-json\/wp\/v2\/users\/207"}],"replies":[{"embeddable":true,"href":"https:\/\/up.lublin.pl\/agrobio\/wp-json\/wp\/v2\/comments?post=160090"}],"version-history":[{"count":6,"href":"https:\/\/up.lublin.pl\/agrobio\/wp-json\/wp\/v2\/posts\/160090\/revisions"}],"predecessor-version":[{"id":160096,"href":"https:\/\/up.lublin.pl\/agrobio\/wp-json\/wp\/v2\/posts\/160090\/revisions\/160096"}],"wp:featuredmedia":[{"embeddable":true,"href":"https:\/\/up.lublin.pl\/agrobio\/wp-json\/wp\/v2\/media\/154086"}],"wp:attachment":[{"href":"https:\/\/up.lublin.pl\/agrobio\/wp-json\/wp\/v2\/media?parent=160090"}],"wp:term":[{"taxonomy":"category","embeddable":true,"href":"https:\/\/up.lublin.pl\/agrobio\/wp-json\/wp\/v2\/categories?post=160090"},{"taxonomy":"post_tag","embeddable":true,"href":"https:\/\/up.lublin.pl\/agrobio\/wp-json\/wp\/v2\/tags?post=160090"}],"curies":[{"name":"wp","href":"https:\/\/api.w.org\/{rel}","templated":true}]}}