{"id":160048,"date":"2025-01-29T12:55:27","date_gmt":"2025-01-29T11:55:27","guid":{"rendered":"https:\/\/up.lublin.pl\/agrobio\/?p=160048"},"modified":"2025-01-29T14:23:20","modified_gmt":"2025-01-29T13:23:20","slug":"wystawa-z-okazji-jubileuszu-80-lecia-wydzialu-agrobioinzynierii","status":"publish","type":"post","link":"https:\/\/up.lublin.pl\/agrobio\/wystawa-z-okazji-jubileuszu-80-lecia-wydzialu-agrobioinzynierii\/","title":{"rendered":"Zapraszamy do odwiedzania wystawy z okazji Jubileuszu 80-lecia Wydzia\u0142u Agrobioin\u017cynierii"},"content":{"rendered":"\t\t<div data-elementor-type=\"wp-post\" data-elementor-id=\"160048\" class=\"elementor elementor-160048\" data-elementor-settings=\"[]\">\n\t\t\t\t\t\t<div class=\"elementor-inner\">\n\t\t\t\t\t\t\t<div class=\"elementor-section-wrap\">\n\t\t\t\t\t\t\t<section class=\"elementor-section elementor-top-section elementor-element elementor-element-9f5a063 elementor-section-boxed elementor-section-height-default elementor-section-height-default\" data-id=\"9f5a063\" data-element_type=\"section\">\n\t\t\t\t\t\t<div class=\"elementor-container elementor-column-gap-default\">\n\t\t\t\t\t\t\t<div class=\"elementor-row\">\n\t\t\t\t\t<div class=\"elementor-column elementor-col-100 elementor-top-column elementor-element elementor-element-e99bc60\" data-id=\"e99bc60\" data-element_type=\"column\">\n\t\t\t<div class=\"elementor-column-wrap elementor-element-populated\">\n\t\t\t\t\t\t\t<div class=\"elementor-widget-wrap\">\n\t\t\t\t\t\t<div class=\"elementor-element elementor-element-675a03c elementor-widget elementor-widget-m5c\" data-id=\"675a03c\" data-element_type=\"widget\" data-widget_type=\"m5c.default\">\n\t\t\t\t<div class=\"elementor-widget-container\">\n\t\t\t<section class=\"mn-m5-c mn-m5-d2 mn-bg-white\">\n\t<div class=\"mn-grid\">\n\t\t\t\t<div class=\"mn-content mn-grid-9\">\n\t\t\t                <div class=\"mn-content-block active\">\n\t                                                        <div class=\"block-text\">\n\t                                        <p><strong>Dnia 27 stycznia 2025 r. o&nbsp;godz. 12 zosta\u0142a otwarta Wystawa z&nbsp;okazji Jubileuszu 80-lecia Wydzia\u0142u Agrobioin\u017cynierii.<\/strong><\/p>\n<p><strong><img loading=\"lazy\" class=\"alignnone wp-image-455331\" src=\"https:\/\/up.lublin.pl\/wp-content\/uploads\/2025\/01\/resize_IMG_20250127_120041901.jpg\" alt=\"\" width=\"667\" height=\"500\" \/><\/strong><\/p>\n<p>Otwarcia wystawy dokona\u0142a Pani Dziekan Wydzia\u0142u Agrobioin\u017cynierii Prof. dr hab. Barbara Ko\u0142odziej.<\/p>\n<p>G\u0142os zabra\u0142 Jego Magnificencja Rektor Prof. dr hab. Krzysztof Kowalczyk oraz Pani Dyrektor Biblioteki G\u0142\u00f3wnej dr in\u017c. Paulina Studzi\u0144ska-Jaksim.<\/p>\n<p><a href=\"https:\/\/up.lublin.pl\/wp-content\/uploads\/2025\/01\/resize_3.jpg\"><img loading=\"lazy\" class=\"alignnone wp-image-455518\" src=\"https:\/\/up.lublin.pl\/wp-content\/uploads\/2025\/01\/resize_3.jpg\" alt=\"\" width=\"667\" height=\"493\" \/><\/a><\/p>\n<p><a href=\"https:\/\/up.lublin.pl\/wp-content\/uploads\/2025\/01\/resize_4.jpg\"><img loading=\"lazy\" class=\"alignnone wp-image-455522\" src=\"https:\/\/up.lublin.pl\/wp-content\/uploads\/2025\/01\/resize_4.jpg\" alt=\"\" width=\"667\" height=\"513\" \/><\/a><\/p>\n<p>W uroczysto\u015bci udzia\u0142 wzi\u0119li obecni i&nbsp;emerytowani pracownicy Uniwersytetu Przyrodniczego w&nbsp;Lublinie.<\/p>\n<p><img loading=\"lazy\" class=\"alignnone wp-image-455538\" src=\"https:\/\/up.lublin.pl\/wp-content\/uploads\/2025\/01\/resize_8.jpg\" alt=\"\" width=\"667\" height=\"500\" \/><\/p>\n<p>Na wystawie zaprezentowano wiele ciekawych eksponat\u00f3w zwi\u0105zanych z&nbsp;dzia\u0142alno\u015bci\u0105 Wydzia\u0142u Agrobioin\u017cynierii, m.in. liczne fotografie, kroniki, ksi\u0105\u017cki czy przyrz\u0105dy do bada\u0144.<\/p>\n<p><img loading=\"lazy\" class=\"alignnone wp-image-455570\" src=\"https:\/\/up.lublin.pl\/wp-content\/uploads\/2025\/01\/resize_16.jpg\" alt=\"\" width=\"667\" height=\"500\" \/>Wystaw\u0119 przygotowali pracownicy Wydzia\u0142u Agrobioin\u017cynierii przy wsp\u00f3\u0142pracy pracownik\u00f3w Biblioteki G\u0142\u00f3wnej UP.<\/p>\n<p><a href=\"https:\/\/up.lublin.pl\/wp-content\/uploads\/2025\/01\/cb76bba8-f4c1-44ca-97cd-477f49a1dc56.jpeg\"><img loading=\"lazy\" class=\"alignnone wp-image-455473\" src=\"https:\/\/up.lublin.pl\/wp-content\/uploads\/2025\/01\/cb76bba8-f4c1-44ca-97cd-477f49a1dc56.jpeg\" alt=\"\" width=\"667\" height=\"832\" \/><\/a><\/p>\n                                        <\/div>\n\t\t\t\t\t\t                                                        <div class=\"mn-cards-list\">\n                                            <div class=\"mn-card-container\">\n                                                <div>\n                                                    <img src=\"https:\/\/up.lublin.pl\/agrobio\/wp-content\/themes\/up-lublin\/assets\/images\/doc-ico.svg\" alt=\"\" \/>\n                                                    <h5>Fotorelacja<\/h5>\n                                                <\/div>\n                                                <a href=\"https:\/\/up.lublin.pl\/blog\/galeria\/wystawa-z-okazji-jubileuszu-80-lecia-wydzialu-agrobioinzynierii\/\" class=\"mn-more\" target=\"_blank\">Zobacz<\/a>\n                                            <\/div>\n                                        <\/div>\n\t\t\t\t\t\t                                <\/div>\n\t\t\t\t                <div class=\"mn-content-block\">\n\t                                <\/div>\n\t\t\t\t                <div class=\"mn-content-block\">\n\t                                <\/div>\n\t\t\t\t                <div class=\"mn-content-block\">\n\t                                <\/div>\n\t\t\t\t                <div class=\"mn-content-block\">\n\t                                <\/div>\n\t\t\t\t                <div class=\"mn-content-block\">\n\t                                <\/div>\n\t\t\t\t                <div class=\"mn-content-block\">\n\t                                <\/div>\n\t\t\t\t                <div class=\"mn-content-block\">\n\t                                <\/div>\n\t\t\t\t                <div class=\"mn-content-block\">\n\t                                <\/div>\n\t\t\t\t                <div class=\"mn-content-block\">\n\t                                <\/div>\n\t\t\t\t                <div class=\"mn-content-block\">\n\t                                <\/div>\n\t\t\t\t                <div class=\"mn-content-block\">\n\t                                <\/div>\n\t\t\t\t                <div class=\"mn-content-block\">\n\t                                <\/div>\n\t\t\t\t                <div class=\"mn-content-block\">\n\t                                <\/div>\n\t\t\t\t                <div class=\"mn-content-block\">\n\t                                <\/div>\n\t\t\t\t                <div class=\"mn-content-block\">\n\t                                <\/div>\n\t\t\t\t                <div class=\"mn-content-block\">\n\t                                <\/div>\n\t\t\t\t                <div class=\"mn-content-block\">\n\t                                <\/div>\n\t\t\t\t                <div class=\"mn-content-block\">\n\t                                <\/div>\n\t\t\t\t                <div class=\"mn-content-block\">\n\t                                <\/div>\n\t\t\t\t\t\t<\/div>\n\t<\/div>\n<\/section>\n\t\t<\/div>\n\t\t\t\t<\/div>\n\t\t\t\t\t\t<\/div>\n\t\t\t\t\t<\/div>\n\t\t<\/div>\n\t\t\t\t\t\t\t\t<\/div>\n\t\t\t\t\t<\/div>\n\t\t<\/section>\n\t\t\t\t\t\t<\/div>\n\t\t\t\t\t\t<\/div>\n\t\t\t\t\t<\/div>\n\t\t","protected":false},"excerpt":{"rendered":"<p>Dnia 27 stycznia 2025 r. o&nbsp;godz. 12 zosta\u0142a otwarta Wystawa z&nbsp;okazji Jubileuszu 80-lecia Wydzia\u0142u Agrobioin\u017cynierii. Otwarcia wystawy dokona\u0142a Pani Dziekan Wydzia\u0142u Agrobioin\u017cynierii Prof. dr hab. Barbara Ko\u0142odziej. G\u0142os zabra\u0142 Jego Magnificencja Rektor Prof. dr hab. Krzysztof Kowalczyk oraz Pani Dyrektor Biblioteki G\u0142\u00f3wnej dr in\u017c. Paulina Studzi\u0144ska-Jaksim. W uroczysto\u015bci udzia\u0142 wzi\u0119li obecni i&nbsp;emerytowani pracownicy Uniwersytetu Przyrodniczego [&hellip;]<\/p>\n","protected":false},"author":2,"featured_media":160026,"comment_status":"closed","ping_status":"closed","sticky":false,"template":"elementor_header_footer","format":"standard","meta":{"_monsterinsights_skip_tracking":false,"_monsterinsights_sitenote_active":false,"_monsterinsights_sitenote_note":"","_monsterinsights_sitenote_category":0},"categories":[12],"tags":[],"_links":{"self":[{"href":"https:\/\/up.lublin.pl\/agrobio\/wp-json\/wp\/v2\/posts\/160048"}],"collection":[{"href":"https:\/\/up.lublin.pl\/agrobio\/wp-json\/wp\/v2\/posts"}],"about":[{"href":"https:\/\/up.lublin.pl\/agrobio\/wp-json\/wp\/v2\/types\/post"}],"author":[{"embeddable":true,"href":"https:\/\/up.lublin.pl\/agrobio\/wp-json\/wp\/v2\/users\/2"}],"replies":[{"embeddable":true,"href":"https:\/\/up.lublin.pl\/agrobio\/wp-json\/wp\/v2\/comments?post=160048"}],"version-history":[{"count":10,"href":"https:\/\/up.lublin.pl\/agrobio\/wp-json\/wp\/v2\/posts\/160048\/revisions"}],"predecessor-version":[{"id":160058,"href":"https:\/\/up.lublin.pl\/agrobio\/wp-json\/wp\/v2\/posts\/160048\/revisions\/160058"}],"wp:featuredmedia":[{"embeddable":true,"href":"https:\/\/up.lublin.pl\/agrobio\/wp-json\/wp\/v2\/media\/160026"}],"wp:attachment":[{"href":"https:\/\/up.lublin.pl\/agrobio\/wp-json\/wp\/v2\/media?parent=160048"}],"wp:term":[{"taxonomy":"category","embeddable":true,"href":"https:\/\/up.lublin.pl\/agrobio\/wp-json\/wp\/v2\/categories?post=160048"},{"taxonomy":"post_tag","embeddable":true,"href":"https:\/\/up.lublin.pl\/agrobio\/wp-json\/wp\/v2\/tags?post=160048"}],"curies":[{"name":"wp","href":"https:\/\/api.w.org\/{rel}","templated":true}]}}