{"id":160025,"date":"2025-01-27T10:01:01","date_gmt":"2025-01-27T09:01:01","guid":{"rendered":"https:\/\/up.lublin.pl\/agrobio\/?p=160025"},"modified":"2025-01-27T10:01:41","modified_gmt":"2025-01-27T09:01:41","slug":"wystawa-pt-jubileusz-80-lecia-wydzialu-agrobioinzynierii","status":"publish","type":"post","link":"https:\/\/up.lublin.pl\/agrobio\/wystawa-pt-jubileusz-80-lecia-wydzialu-agrobioinzynierii\/","title":{"rendered":"Wystawa pt.: \u201cJubileusz 80-lecia Wydzia\u0142u Agrobioin\u017cynierii\u201d"},"content":{"rendered":"\t\t<div data-elementor-type=\"wp-post\" data-elementor-id=\"160025\" class=\"elementor elementor-160025\" data-elementor-settings=\"[]\">\n\t\t\t\t\t\t<div class=\"elementor-inner\">\n\t\t\t\t\t\t\t<div class=\"elementor-section-wrap\">\n\t\t\t\t\t\t\t<section class=\"elementor-section elementor-top-section elementor-element elementor-element-a86b410 elementor-section-boxed elementor-section-height-default elementor-section-height-default\" data-id=\"a86b410\" data-element_type=\"section\">\n\t\t\t\t\t\t<div class=\"elementor-container elementor-column-gap-default\">\n\t\t\t\t\t\t\t<div class=\"elementor-row\">\n\t\t\t\t\t<div class=\"elementor-column elementor-col-100 elementor-top-column elementor-element elementor-element-065a17c\" data-id=\"065a17c\" data-element_type=\"column\">\n\t\t\t<div class=\"elementor-column-wrap elementor-element-populated\">\n\t\t\t\t\t\t\t<div class=\"elementor-widget-wrap\">\n\t\t\t\t\t\t<div class=\"elementor-element elementor-element-ddc74a4 elementor-widget elementor-widget-m5c\" data-id=\"ddc74a4\" data-element_type=\"widget\" data-widget_type=\"m5c.default\">\n\t\t\t\t<div class=\"elementor-widget-container\">\n\t\t\t<section class=\"mn-m5-c mn-m5-d2 mn-bg-white\">\n\t<div class=\"mn-grid\">\n\t\t\t\t<div class=\"mn-content mn-grid-9\">\n\t\t\t                <div class=\"mn-content-block active\">\n\t                                                        <div class=\"block-text\">\n\t                                        <h2>Wystawa pt.: \u201cJubileusz 80-lecia Wydzia\u0142u Agrobioin\u017cynierii\u201d<\/h2>\n<p><strong>Serdecznie zapraszamy na wystaw\u0119 z&nbsp;okazji Jubileuszu 80-lecia Wydzia\u0142u Agrobioin\u017cynierii.<\/strong><\/p>\n<p>Uroczyste otwarcie odb\u0119dzie si\u0119 27 stycznia 2025 roku o&nbsp;godzinie 12:00, w&nbsp;Izbie Pami\u0119ci, w&nbsp;Bibliotece G\u0142\u00f3wnej Uniwersytetu Przyrodniczego w&nbsp;Lublinie, na ul. Akademickiej 15.<\/p>\n<p><img loading=\"lazy\" class=\"alignnone wp-image-454551\" src=\"https:\/\/up.lublin.pl\/wp-content\/uploads\/2025\/01\/Plakat-wystawa-w-jpg.jpg\" alt=\"\" width=\"693\" height=\"980\" \/><\/p>\n                                        <\/div>\n\t\t\t\t\t\t                                <\/div>\n\t\t\t\t                <div class=\"mn-content-block\">\n\t                                <\/div>\n\t\t\t\t                <div class=\"mn-content-block\">\n\t                                <\/div>\n\t\t\t\t                <div class=\"mn-content-block\">\n\t                                <\/div>\n\t\t\t\t                <div class=\"mn-content-block\">\n\t                                <\/div>\n\t\t\t\t                <div class=\"mn-content-block\">\n\t                                <\/div>\n\t\t\t\t                <div class=\"mn-content-block\">\n\t                                <\/div>\n\t\t\t\t                <div class=\"mn-content-block\">\n\t                                <\/div>\n\t\t\t\t                <div class=\"mn-content-block\">\n\t                                <\/div>\n\t\t\t\t                <div class=\"mn-content-block\">\n\t                                <\/div>\n\t\t\t\t                <div class=\"mn-content-block\">\n\t                                <\/div>\n\t\t\t\t                <div class=\"mn-content-block\">\n\t                                <\/div>\n\t\t\t\t                <div class=\"mn-content-block\">\n\t                                <\/div>\n\t\t\t\t                <div class=\"mn-content-block\">\n\t                                <\/div>\n\t\t\t\t                <div class=\"mn-content-block\">\n\t                                <\/div>\n\t\t\t\t                <div class=\"mn-content-block\">\n\t                                <\/div>\n\t\t\t\t                <div class=\"mn-content-block\">\n\t                                <\/div>\n\t\t\t\t                <div class=\"mn-content-block\">\n\t                                <\/div>\n\t\t\t\t                <div class=\"mn-content-block\">\n\t                                <\/div>\n\t\t\t\t                <div class=\"mn-content-block\">\n\t                                <\/div>\n\t\t\t\t\t\t<\/div>\n\t<\/div>\n<\/section>\n\t\t<\/div>\n\t\t\t\t<\/div>\n\t\t\t\t\t\t<\/div>\n\t\t\t\t\t<\/div>\n\t\t<\/div>\n\t\t\t\t\t\t\t\t<\/div>\n\t\t\t\t\t<\/div>\n\t\t<\/section>\n\t\t\t\t\t\t<\/div>\n\t\t\t\t\t\t<\/div>\n\t\t\t\t\t<\/div>\n\t\t","protected":false},"excerpt":{"rendered":"<p>Wystawa pt.: \u201cJubileusz 80-lecia Wydzia\u0142u Agrobioin\u017cynierii\u201d Serdecznie zapraszamy na wystaw\u0119 z&nbsp;okazji Jubileuszu 80-lecia Wydzia\u0142u Agrobioin\u017cynierii. Uroczyste otwarcie odb\u0119dzie si\u0119 27 stycznia 2025 roku o&nbsp;godzinie 12:00, w&nbsp;Izbie Pami\u0119ci, w&nbsp;Bibliotece G\u0142\u00f3wnej Uniwersytetu Przyrodniczego w&nbsp;Lublinie, na ul. Akademickiej 15.<\/p>\n","protected":false},"author":2,"featured_media":160026,"comment_status":"closed","ping_status":"closed","sticky":false,"template":"elementor_header_footer","format":"standard","meta":{"_monsterinsights_skip_tracking":false,"_monsterinsights_sitenote_active":false,"_monsterinsights_sitenote_note":"","_monsterinsights_sitenote_category":0},"categories":[12],"tags":[],"_links":{"self":[{"href":"https:\/\/up.lublin.pl\/agrobio\/wp-json\/wp\/v2\/posts\/160025"}],"collection":[{"href":"https:\/\/up.lublin.pl\/agrobio\/wp-json\/wp\/v2\/posts"}],"about":[{"href":"https:\/\/up.lublin.pl\/agrobio\/wp-json\/wp\/v2\/types\/post"}],"author":[{"embeddable":true,"href":"https:\/\/up.lublin.pl\/agrobio\/wp-json\/wp\/v2\/users\/2"}],"replies":[{"embeddable":true,"href":"https:\/\/up.lublin.pl\/agrobio\/wp-json\/wp\/v2\/comments?post=160025"}],"version-history":[{"count":4,"href":"https:\/\/up.lublin.pl\/agrobio\/wp-json\/wp\/v2\/posts\/160025\/revisions"}],"predecessor-version":[{"id":160037,"href":"https:\/\/up.lublin.pl\/agrobio\/wp-json\/wp\/v2\/posts\/160025\/revisions\/160037"}],"wp:featuredmedia":[{"embeddable":true,"href":"https:\/\/up.lublin.pl\/agrobio\/wp-json\/wp\/v2\/media\/160026"}],"wp:attachment":[{"href":"https:\/\/up.lublin.pl\/agrobio\/wp-json\/wp\/v2\/media?parent=160025"}],"wp:term":[{"taxonomy":"category","embeddable":true,"href":"https:\/\/up.lublin.pl\/agrobio\/wp-json\/wp\/v2\/categories?post=160025"},{"taxonomy":"post_tag","embeddable":true,"href":"https:\/\/up.lublin.pl\/agrobio\/wp-json\/wp\/v2\/tags?post=160025"}],"curies":[{"name":"wp","href":"https:\/\/api.w.org\/{rel}","templated":true}]}}