{"id":159916,"date":"2024-12-23T11:11:19","date_gmt":"2024-12-23T10:11:19","guid":{"rendered":"https:\/\/up.lublin.pl\/agrobio\/?p=159916"},"modified":"2025-01-31T11:04:56","modified_gmt":"2025-01-31T10:04:56","slug":"zyczenia-swiateczne-4","status":"publish","type":"post","link":"https:\/\/up.lublin.pl\/agrobio\/zyczenia-swiateczne-4\/","title":{"rendered":"\u017byczenia \u015awi\u0105teczne i Noworoczne Pani Dziekan i Kolegium Dzieka\u0144skiego"},"content":{"rendered":"<p><img loading=\"lazy\" class=\"alignnone wp-image-159917\" src=\"https:\/\/up.lublin.pl\/agrobio\/wp-content\/uploads\/sites\/2\/2024\/12\/Zyczenia-XII-2024.jpg\" alt=\"\" width=\"720\" height=\"538\" \/><\/p>\n","protected":false},"excerpt":{"rendered":"","protected":false},"author":207,"featured_media":160059,"comment_status":"closed","ping_status":"closed","sticky":false,"template":"","format":"standard","meta":{"_monsterinsights_skip_tracking":false,"_monsterinsights_sitenote_active":false,"_monsterinsights_sitenote_note":"","_monsterinsights_sitenote_category":0},"categories":[12],"tags":[],"_links":{"self":[{"href":"https:\/\/up.lublin.pl\/agrobio\/wp-json\/wp\/v2\/posts\/159916"}],"collection":[{"href":"https:\/\/up.lublin.pl\/agrobio\/wp-json\/wp\/v2\/posts"}],"about":[{"href":"https:\/\/up.lublin.pl\/agrobio\/wp-json\/wp\/v2\/types\/post"}],"author":[{"embeddable":true,"href":"https:\/\/up.lublin.pl\/agrobio\/wp-json\/wp\/v2\/users\/207"}],"replies":[{"embeddable":true,"href":"https:\/\/up.lublin.pl\/agrobio\/wp-json\/wp\/v2\/comments?post=159916"}],"version-history":[{"count":3,"href":"https:\/\/up.lublin.pl\/agrobio\/wp-json\/wp\/v2\/posts\/159916\/revisions"}],"predecessor-version":[{"id":159923,"href":"https:\/\/up.lublin.pl\/agrobio\/wp-json\/wp\/v2\/posts\/159916\/revisions\/159923"}],"wp:featuredmedia":[{"embeddable":true,"href":"https:\/\/up.lublin.pl\/agrobio\/wp-json\/wp\/v2\/media\/160059"}],"wp:attachment":[{"href":"https:\/\/up.lublin.pl\/agrobio\/wp-json\/wp\/v2\/media?parent=159916"}],"wp:term":[{"taxonomy":"category","embeddable":true,"href":"https:\/\/up.lublin.pl\/agrobio\/wp-json\/wp\/v2\/categories?post=159916"},{"taxonomy":"post_tag","embeddable":true,"href":"https:\/\/up.lublin.pl\/agrobio\/wp-json\/wp\/v2\/tags?post=159916"}],"curies":[{"name":"wp","href":"https:\/\/api.w.org\/{rel}","templated":true}]}}