{"id":159841,"date":"2024-12-11T12:44:36","date_gmt":"2024-12-11T11:44:36","guid":{"rendered":"https:\/\/up.lublin.pl\/agrobio\/?p=159841"},"modified":"2024-12-12T13:46:56","modified_gmt":"2024-12-12T12:46:56","slug":"dni-kierunku-gospodarka-przestrzenna-zaproszenie-na-konferencje-w-dniu-13-12-2024r","status":"publish","type":"post","link":"https:\/\/up.lublin.pl\/agrobio\/dni-kierunku-gospodarka-przestrzenna-zaproszenie-na-konferencje-w-dniu-13-12-2024r\/","title":{"rendered":"Dni Kierunku Gospodarka Przestrzenna. Zaproszenie na konferencj\u0119 w dniu 13.12.2024r."},"content":{"rendered":"<p style=\"text-align: center;\"><strong>ZAPROSZENIE<\/strong><\/p>\n<p style=\"text-align: center;\">Dziekan Wydzia\u0142u Agrobioin\u017cynierii, Prodziekan oraz Rada Programowa Kierunku \u00a0Gospodarka Przestrzenna Uniwersytetu Przyrodniczego w Lublinie zapraszaj\u0105<\/p>\n<p style=\"text-align: center;\"><strong>pracownik\u00f3w, student\u00f3w oraz interesariuszy zewn\u0119trznych<\/strong><\/p>\n<p style=\"text-align: center;\">na konferencj\u0119 po\u015bwi\u0119con\u0105 doskonaleniu programu kszta\u0142cenia i planu studi\u00f3w na kierunku gospodarka przestrzenna. Konferencja odb\u0119dzie si\u0119<\/p>\n<p style=\"text-align: center;\"><strong>13 grudnia 2024 r. w sali konferencyjnej 14-15, Agro II, <\/strong><\/p>\n<p style=\"text-align: center;\"><strong>pocz\u0105tek spotkania godz. 10.00.<\/strong><\/p>\n<p><strong>\u00a0<\/strong><\/p>\n<p><strong>PROGRAM KONFERENCJI<\/strong>:<\/p>\n<p><strong>\u00a0<\/strong><\/p>\n<p>10.00-10.15<\/p>\n<p>Otwarcie konferencji<\/p>\n<p>&nbsp;<\/p>\n<p>10.15-11.30<\/p>\n<p>Prezentacje zaproszonych go\u015bci \u2013 interesariuszy zewn\u0119trznych, w\u015br\u00f3d kt\u00f3rych b\u0119d\u0105 praktycy zaanga\u017cowani w planowanie przestrzenne oraz tworzenie strategii rozwoju obszar\u00f3w wiejskich i miejskich:<\/p>\n<p style=\"padding-left: 120px;\"><u>Dr hab. Wojciech\u00a0 Dziemianowicz<\/u>, prof. Uniwersytetu Warszawskiego,<\/p>\n<p style=\"padding-left: 120px;\">Kierownik Katedry Geografii Miast i Planowania Przestrzennego<\/p>\n<p style=\"padding-left: 120px;\">na Wydziale Geografii i Studi\u00f3w Regionalnych UW w\u0142a\u015bciciel firmy Geoprofit<\/p>\n<p style=\"padding-left: 120px;\"><u>Dorota Woli\u0144ska-Pietrzak<\/u>, <strong>Kierownik Referatu strategii i analiz<\/strong> w Urz\u0119dzie Miasta Lublin<\/p>\n<p style=\"padding-left: 120px;\"><u>Magdalena Pomorska<\/u>, Kierownik Referatu Zagospodarowania<\/p>\n<p style=\"padding-left: 120px;\">Przestrzennego w Urz\u0119dzie Gminy Niedrzwica Du\u017ca<\/p>\n<p style=\"padding-left: 120px;\"><u>dr in\u017c. Katarzyna Pa\u0142ubska<\/u><\/p>\n<p style=\"padding-left: 120px;\">Instytut Historii Sztuki, Katedra Konserwacji Zabytk\u00f3w i Ochrony Krajobrazu na Uniwersytecie Kardyna\u0142a Stefana Wyszy\u0144skiego w Warszawie<\/p>\n<p style=\"padding-left: 120px;\"><u>Marcin Skrzypek<\/u>, specjalista ds. <a href=\"https:\/\/ulublin.eu\/\">kultury przestrzeni<\/a>\u00a0 i edukacji przestrzennej, O\u015brodek \u201eBrama Grodzka \u2013 Teatr NN\u201d<\/p>\n<p>&nbsp;<\/p>\n<p>11.30-11.50<\/p>\n<p>Przerwa kawowa na pocz\u0119stunek i wymin\u0119 pogl\u0105d\u00f3w<\/p>\n<p>&nbsp;<\/p>\n<p>11.50-12.05<\/p>\n<p>Wyst\u0105pienie Przewodnicz\u0105cej Rady Programowej Kierunku Gospodarka Przestrzenna, dr in\u017c. Agnieszki K\u0119pkowicz na temat kierunk\u00f3w<br \/>\nzmian wprowadzonych do programu studi\u00f3w w latach 2010-2024<\/p>\n<p>&nbsp;<\/p>\n<p>12.05-12.35<\/p>\n<p>Zebranie opinii zaproszonych go\u015bci oraz cz\u0142onk\u00f3w spo\u0142eczno\u015bci kierunku gospodarka przestrzenna\u00a0 na temat wprowadzonych zmian programowych oraz przysz\u0142ych potrzeb uwzgl\u0119dniaj\u0105cych wsp\u00f3\u0142czesne wyzwania rynku pracy (warsztaty konsultacyjne oraz ankiety online)<\/p>\n<p>&nbsp;<\/p>\n<p>12.35-12.55<\/p>\n<p>Dyskusja z udzia\u0142em interesariuszy zewn\u0119trznych<\/p>\n<p>&nbsp;<\/p>\n<p>12.55-13.00<\/p>\n<p>Podsumowanie obrad i zamkni\u0119cie konferencji.<\/p>\n<p>&nbsp;<\/p>\n<p style=\"text-align: center;\">\u00a0\u00a0\u00a0\u00a0\u00a0\u00a0\u00a0\u00a0\u00a0\u00a0\u00a0\u00a0\u00a0\u00a0\u00a0\u00a0\u00a0\u00a0\u00a0\u00a0\u00a0\u00a0\u00a0\u00a0\u00a0\u00a0\u00a0\u00a0\u00a0\u00a0\u00a0\u00a0\u00a0\u00a0\u00a0\u00a0\u00a0\u00a0\u00a0\u00a0\u00a0\u00a0\u00a0\u00a0\u00a0\u00a0\u00a0\u00a0 W imieniu Organizator\u00f3w:<\/p>\n<p style=\"text-align: center;\">\u00a0\u00a0\u00a0\u00a0\u00a0\u00a0\u00a0\u00a0\u00a0\u00a0\u00a0\u00a0\u00a0\u00a0\u00a0\u00a0\u00a0\u00a0\u00a0\u00a0\u00a0\u00a0\u00a0\u00a0\u00a0\u00a0\u00a0\u00a0\u00a0\u00a0\u00a0\u00a0\u00a0\u00a0\u00a0\u00a0\u00a0\u00a0\u00a0\u00a0\u00a0\u00a0\u00a0\u00a0\u00a0\u00a0\u00a0\u00a0\u00a0\u00a0\u00a0\u00a0\u00a0\u00a0\u00a0\u00a0\u00a0\u00a0\u00a0\u00a0\u00a0\u00a0\u00a0\u00a0 Przewodnicz\u0105ca Rady Programowej<\/p>\n<p style=\"text-align: center;\">\u00a0\u00a0\u00a0\u00a0\u00a0\u00a0\u00a0\u00a0\u00a0\u00a0\u00a0\u00a0\u00a0\u00a0\u00a0\u00a0\u00a0\u00a0\u00a0\u00a0\u00a0\u00a0\u00a0\u00a0\u00a0\u00a0\u00a0\u00a0\u00a0\u00a0\u00a0\u00a0\u00a0\u00a0\u00a0\u00a0\u00a0\u00a0\u00a0\u00a0\u00a0\u00a0\u00a0\u00a0\u00a0\u00a0\u00a0\u00a0\u00a0\u00a0\u00a0\u00a0\u00a0\u00a0\u00a0\u00a0\u00a0\u00a0\u00a0\u00a0\u00a0\u00a0\u00a0 Kierunku Gospodarka Przestrzenna<\/p>\n<p style=\"text-align: center;\"><em>\u00a0\u00a0\u00a0\u00a0\u00a0\u00a0\u00a0\u00a0\u00a0\u00a0\u00a0\u00a0\u00a0\u00a0\u00a0\u00a0\u00a0\u00a0\u00a0\u00a0\u00a0\u00a0\u00a0\u00a0\u00a0\u00a0\u00a0\u00a0\u00a0\u00a0\u00a0\u00a0\u00a0\u00a0\u00a0\u00a0\u00a0\u00a0\u00a0\u00a0\u00a0\u00a0\u00a0\u00a0\u00a0\u00a0\u00a0\u00a0\u00a0\u00a0\u00a0\u00a0\u00a0 Dr in\u017c. Agnieszka K\u0119pkowicz<\/em><\/p>\n<p>&nbsp;<\/p>\n<p><a href=\"https:\/\/up.lublin.pl\/agrobio\/wp-content\/uploads\/sites\/2\/2024\/12\/Zaproszenie-Dni-Kier_GP_2024.pdf\">Pobierz zaproszenie w wersji PDF<\/a><\/p>\n<p>&nbsp;<\/p>\n<p>&nbsp;<\/p>\n<p>&nbsp;<\/p>\n<p>&nbsp;<\/p>\n","protected":false},"excerpt":{"rendered":"<p>ZAPROSZENIE Dziekan Wydzia\u0142u Agrobioin\u017cynierii, Prodziekan oraz Rada Programowa Kierunku \u00a0Gospodarka Przestrzenna Uniwersytetu Przyrodniczego w Lublinie zapraszaj\u0105 pracownik\u00f3w, student\u00f3w oraz interesariuszy zewn\u0119trznych na konferencj\u0119 po\u015bwi\u0119con\u0105 doskonaleniu programu kszta\u0142cenia i planu studi\u00f3w na kierunku gospodarka przestrzenna. Konferencja odb\u0119dzie si\u0119 13 grudnia 2024 r. w sali konferencyjnej 14-15, Agro II, pocz\u0105tek spotkania godz. 10.00. \u00a0 PROGRAM KONFERENCJI: \u00a0 [&hellip;]<\/p>\n","protected":false},"author":207,"featured_media":159869,"comment_status":"closed","ping_status":"closed","sticky":false,"template":"","format":"standard","meta":{"_monsterinsights_skip_tracking":false,"_monsterinsights_sitenote_active":false,"_monsterinsights_sitenote_note":"","_monsterinsights_sitenote_category":0},"categories":[12],"tags":[],"_links":{"self":[{"href":"https:\/\/up.lublin.pl\/agrobio\/wp-json\/wp\/v2\/posts\/159841"}],"collection":[{"href":"https:\/\/up.lublin.pl\/agrobio\/wp-json\/wp\/v2\/posts"}],"about":[{"href":"https:\/\/up.lublin.pl\/agrobio\/wp-json\/wp\/v2\/types\/post"}],"author":[{"embeddable":true,"href":"https:\/\/up.lublin.pl\/agrobio\/wp-json\/wp\/v2\/users\/207"}],"replies":[{"embeddable":true,"href":"https:\/\/up.lublin.pl\/agrobio\/wp-json\/wp\/v2\/comments?post=159841"}],"version-history":[{"count":12,"href":"https:\/\/up.lublin.pl\/agrobio\/wp-json\/wp\/v2\/posts\/159841\/revisions"}],"predecessor-version":[{"id":159873,"href":"https:\/\/up.lublin.pl\/agrobio\/wp-json\/wp\/v2\/posts\/159841\/revisions\/159873"}],"wp:featuredmedia":[{"embeddable":true,"href":"https:\/\/up.lublin.pl\/agrobio\/wp-json\/wp\/v2\/media\/159869"}],"wp:attachment":[{"href":"https:\/\/up.lublin.pl\/agrobio\/wp-json\/wp\/v2\/media?parent=159841"}],"wp:term":[{"taxonomy":"category","embeddable":true,"href":"https:\/\/up.lublin.pl\/agrobio\/wp-json\/wp\/v2\/categories?post=159841"},{"taxonomy":"post_tag","embeddable":true,"href":"https:\/\/up.lublin.pl\/agrobio\/wp-json\/wp\/v2\/tags?post=159841"}],"curies":[{"name":"wp","href":"https:\/\/api.w.org\/{rel}","templated":true}]}}