{"id":159805,"date":"2024-12-04T12:27:51","date_gmt":"2024-12-04T11:27:51","guid":{"rendered":"https:\/\/up.lublin.pl\/agrobio\/?p=159805"},"modified":"2024-12-12T13:46:14","modified_gmt":"2024-12-12T12:46:14","slug":"dni-kierunku-ekonomia-oraz-turystyka-i-rekreacja-zaproszenie-na-konferencje-w-dniu-09-12-2024-r","status":"publish","type":"post","link":"https:\/\/up.lublin.pl\/agrobio\/dni-kierunku-ekonomia-oraz-turystyka-i-rekreacja-zaproszenie-na-konferencje-w-dniu-09-12-2024-r\/","title":{"rendered":"Dni Kierunku  Ekonomia oraz Turystyka i Rekreacja.  Zaproszenie na konferencj\u0119 w dniu 09.12.2024 r."},"content":{"rendered":"<p style=\"text-align: center;\">Dziekan, Prodziekan Wydzia\u0142u Agrobioin\u017cynierii, Rada Programowa Kierunku Ekonomia oraz Rada Programowa Kierunku Turystyka i Rekreacja zapraszaj\u0105: pracownik\u00f3w, student\u00f3w oraz interesariuszy zewn\u0119trznych na konferencj\u0119 po\u015bwi\u0119con\u0105<\/p>\n<p>&nbsp;<\/p>\n<p style=\"text-align: center;\"><strong>kreowaniu programu kszta\u0142cenia i planu studi\u00f3w na kierunkach<\/strong><\/p>\n<p>&nbsp;<\/p>\n<p style=\"text-align: center;\"><strong>\u00a0TURYSTYKA I REKREACJA <\/strong><\/p>\n<p style=\"text-align: center;\"><strong>oraz<\/strong><\/p>\n<p style=\"text-align: center;\"><strong>EKONOMIA<\/strong><\/p>\n<p>&nbsp;<\/p>\n<p>Konferencja odb\u0119dzie si\u0119 <strong>w sali konferencyjnej Agro II, w godzinach 9.00-11.30.<\/strong><\/p>\n<p>&nbsp;<\/p>\n<p>Program konferencji:<\/p>\n<p>9.00\u00a0\u00a0 Otwarcie konferencji i powitanie go\u015bci<\/p>\n<p>9.10\u00a0\u00a0 Prezentacja celu i programu kszta\u0142cenia oraz zasad dyplomowania na\u00a0 kierunku Ekonomia oraz Turystyka i Rekreacja<\/p>\n<p>9.20\u00a0\u00a0 Wyst\u0105pienia interesariuszy zewn\u0119trznych<\/p>\n<p>9.50\u00a0\u00a0 Wyst\u0105pienie przedstawiciela Biura Mobilno\u015bci Akademickiej<\/p>\n<p>10.00\u00a0\u00a0 Wyst\u0105pienia student\u00f3w z zagranicy przebywaj\u0105cych na UP w Lublinie w ramach Programu Erasmus+<\/p>\n<p>10.10\u00a0\u00a0 Wyst\u0105pienie Konsula USA &#8211; <em>Opportunities to take part in the cultural exchange programs in the US<\/em><\/p>\n<p style=\"padding-left: 40px;\">Informacja o mo\u017cliwo\u015bci odbycia praktyk, sta\u017cu i pracy w USA<\/p>\n<p>10.40\u00a0\u00a0 Wyst\u0105pienie przedstawicieli Dzia\u0142u Kszta\u0142cenia Praktycznego i Ustawicznego<\/p>\n<p>10.50\u00a0\u00a0 Informacja o dzia\u0142alno\u015bci Studenckich K\u00f3\u0142 Naukowych<\/p>\n<p>11.00\u00a0\u00a0 Zako\u0144czenie I cz\u0119\u015bci konferencji<\/p>\n<p>11.10\u00a0\u00a0 Opinie i uwagi student\u00f3w dotycz\u0105ce programu kszta\u0142cenia na kierunku Ekonomia oraz Turystyka i Rekreacja<\/p>\n<p>11.30\u00a0\u00a0 Zako\u0144czenie konferencji<\/p>\n<p>&nbsp;<\/p>\n<p>&nbsp;<\/p>\n<p style=\"padding-left: 200px;\">W imieniu organizator\u00f3w<\/p>\n<p>&nbsp;<\/p>\n<p>prof. dr hab. Barbara Ko\u0142odziej \u00a0\u00a0\u00a0\u00a0\u00a0\u00a0\u00a0\u00a0\u00a0\u00a0\u00a0\u00a0\u00a0\u00a0\u00a0\u00a0\u00a0\u00a0\u00a0\u00a0\u00a0\u00a0\u00a0 \u00a0\u00a0\u00a0\u00a0\u00a0\u00a0\u00a0\u00a0\u00a0 Prof. dr hab. Halina Lipi\u0144ska<\/p>\n<p>Dziekan Wydzia\u0142u Agrobioin\u017cynierii \u00a0\u00a0\u00a0\u00a0\u00a0\u00a0\u00a0\u00a0\u00a0\u00a0\u00a0\u00a0\u00a0\u00a0 \u00a0\u00a0\u00a0\u00a0\u00a0\u00a0\u00a0\u00a0\u00a0\u00a0\u00a0 Prodziekan Wydzia\u0142u Agrobioin\u017cynierii<\/p>\n<p>&nbsp;<\/p>\n<p>dr hab. Anna Nowak, prof. uczelni\u00a0\u00a0\u00a0\u00a0\u00a0\u00a0\u00a0\u00a0\u00a0\u00a0\u00a0\u00a0\u00a0\u00a0\u00a0\u00a0\u00a0\u00a0\u00a0\u00a0\u00a0\u00a0\u00a0\u00a0\u00a0\u00a0\u00a0\u00a0\u00a0\u00a0 dr hab. Anna Mazurek-Kusiak, prof. uczelni<\/p>\n<p>Przewodnicz\u0105ca Rady Programowej \u00a0\u00a0\u00a0\u00a0\u00a0\u00a0\u00a0\u00a0\u00a0\u00a0\u00a0\u00a0\u00a0\u00a0\u00a0\u00a0\u00a0\u00a0\u00a0\u00a0\u00a0\u00a0\u00a0\u00a0\u00a0 Przewodnicz\u0105ca Rady Programowej<\/p>\n<p>Kierunku Ekonomia\u00a0\u00a0\u00a0\u00a0\u00a0\u00a0\u00a0\u00a0\u00a0\u00a0\u00a0\u00a0\u00a0\u00a0\u00a0\u00a0\u00a0\u00a0\u00a0\u00a0\u00a0\u00a0\u00a0\u00a0\u00a0\u00a0\u00a0\u00a0\u00a0\u00a0\u00a0\u00a0\u00a0\u00a0\u00a0\u00a0\u00a0\u00a0\u00a0\u00a0\u00a0\u00a0\u00a0\u00a0\u00a0\u00a0\u00a0\u00a0\u00a0\u00a0 \u00a0\u00a0 Kierunku Turystyka i Rekreacja<\/p>\n<p>&nbsp;<\/p>\n<p>Dr hab. Joanna Hawlena, prof. uczelni<\/p>\n<p>Kierownik Katedry Turystyki i Rekreacji<\/p>\n<p>&nbsp;<\/p>\n<p>&nbsp;<\/p>\n<p><a href=\"https:\/\/up.lublin.pl\/agrobio\/wp-content\/uploads\/sites\/2\/2024\/12\/Zaproszenie-na-strone-Wydzialu_Ekonomia-i-TiR.pdf\">Pobierz zaproszenie w wersji PDF.<\/a><\/p>\n","protected":false},"excerpt":{"rendered":"<p>Dziekan, Prodziekan Wydzia\u0142u Agrobioin\u017cynierii, Rada Programowa Kierunku Ekonomia oraz Rada Programowa Kierunku Turystyka i Rekreacja zapraszaj\u0105: pracownik\u00f3w, student\u00f3w oraz interesariuszy zewn\u0119trznych na konferencj\u0119 po\u015bwi\u0119con\u0105 &nbsp; kreowaniu programu kszta\u0142cenia i planu studi\u00f3w na kierunkach &nbsp; \u00a0TURYSTYKA I REKREACJA oraz EKONOMIA &nbsp; Konferencja odb\u0119dzie si\u0119 w sali konferencyjnej Agro II, w godzinach 9.00-11.30. &nbsp; Program konferencji: 9.00\u00a0\u00a0 [&hellip;]<\/p>\n","protected":false},"author":207,"featured_media":154485,"comment_status":"closed","ping_status":"closed","sticky":false,"template":"","format":"standard","meta":{"_monsterinsights_skip_tracking":false,"_monsterinsights_sitenote_active":false,"_monsterinsights_sitenote_note":"","_monsterinsights_sitenote_category":0},"categories":[12],"tags":[],"_links":{"self":[{"href":"https:\/\/up.lublin.pl\/agrobio\/wp-json\/wp\/v2\/posts\/159805"}],"collection":[{"href":"https:\/\/up.lublin.pl\/agrobio\/wp-json\/wp\/v2\/posts"}],"about":[{"href":"https:\/\/up.lublin.pl\/agrobio\/wp-json\/wp\/v2\/types\/post"}],"author":[{"embeddable":true,"href":"https:\/\/up.lublin.pl\/agrobio\/wp-json\/wp\/v2\/users\/207"}],"replies":[{"embeddable":true,"href":"https:\/\/up.lublin.pl\/agrobio\/wp-json\/wp\/v2\/comments?post=159805"}],"version-history":[{"count":16,"href":"https:\/\/up.lublin.pl\/agrobio\/wp-json\/wp\/v2\/posts\/159805\/revisions"}],"predecessor-version":[{"id":159868,"href":"https:\/\/up.lublin.pl\/agrobio\/wp-json\/wp\/v2\/posts\/159805\/revisions\/159868"}],"wp:featuredmedia":[{"embeddable":true,"href":"https:\/\/up.lublin.pl\/agrobio\/wp-json\/wp\/v2\/media\/154485"}],"wp:attachment":[{"href":"https:\/\/up.lublin.pl\/agrobio\/wp-json\/wp\/v2\/media?parent=159805"}],"wp:term":[{"taxonomy":"category","embeddable":true,"href":"https:\/\/up.lublin.pl\/agrobio\/wp-json\/wp\/v2\/categories?post=159805"},{"taxonomy":"post_tag","embeddable":true,"href":"https:\/\/up.lublin.pl\/agrobio\/wp-json\/wp\/v2\/tags?post=159805"}],"curies":[{"name":"wp","href":"https:\/\/api.w.org\/{rel}","templated":true}]}}