{"id":159422,"date":"2024-10-22T14:48:46","date_gmt":"2024-10-22T12:48:46","guid":{"rendered":"https:\/\/up.lublin.pl\/agrobio\/?p=159422"},"modified":"2024-11-20T10:51:15","modified_gmt":"2024-11-20T09:51:15","slug":"miejski-program-stypendialny-dla-studentow-i-doktorantow","status":"publish","type":"post","link":"https:\/\/up.lublin.pl\/agrobio\/miejski-program-stypendialny-dla-studentow-i-doktorantow\/","title":{"rendered":"Miejski program stypendialny dla student\u00f3w i doktorant\u00f3w"},"content":{"rendered":"<p>Szanowni Pa\u0144stwo,<\/p>\n<p>&nbsp;<\/p>\n<p>Wraz z pocz\u0105tkiem listopada rozpocznie si\u0119 nab\u00f3r wniosk\u00f3w do Miejskiego Programu Stypendialnego dla Student\u00f3w i Doktorant\u00f3w. Ma on na celu wsparcie wybitnie uzdolnionych os\u00f3b, kt\u00f3rych dzia\u0142alno\u015b\u0107 naukowa i pozanaukowa przyczynia si\u0119 do rozwoju miasta Lublin oraz jego gospodarki.<\/p>\n<p>&nbsp;<\/p>\n<p>Nab\u00f3r wniosk\u00f3w na rok akademicki 2024\/2025 odb\u0119dzie si\u0119 w terminie od 1 do 30 listopada 2024 r.<\/p>\n<p>&nbsp;<\/p>\n<p>Szczeg\u00f3\u0142owe informacje na temat Programu, w tym nowy regulamin oraz wz\u00f3r wniosku, dost\u0119pne s\u0105 na stronie internetowej Urz\u0119du Miasta Lublin: https:\/\/student.lublin.eu\/miejski-program-stypendialny-dla-studentow-i-doktorantow\/ oraz w za\u0142\u0105cznikach i na poni\u017cszych stronach internetowych:<\/p>\n<p>&nbsp;<\/p>\n<p>Facebook: <a href=\"https:\/\/www.facebook.com\/lbnakademicki\/posts\/pfbid02ZKvgVfi8uZgCx2gGH3Xky83Sb2YC4aiSarpn3Azzd1iWobxQvjJZZKrhoMVdUnqul\">https:\/\/www.facebook.com\/lbnakademicki\/posts\/pfbid02ZKvgVfi8uZgCx2gGH3Xky83Sb2YC4aiSarpn3Azzd1iWobxQvjJZZKrhoMVdUnqul<\/a><br \/>\nInstagram: <a href=\"https:\/\/www.instagram.com\/p\/DBQgz9guaU_\/?igsh=Y3g4aGQ5MjBtYW1y\">https:\/\/www.instagram.com\/p\/DBQgz9guaU_\/?igsh=Y3g4aGQ5MjBtYW1y<\/a><\/p>\n<p>&nbsp;<\/p>\n<p><img loading=\"lazy\" class=\"wp-image-159426 aligncenter\" src=\"https:\/\/up.lublin.pl\/agrobio\/wp-content\/uploads\/sites\/2\/2024\/10\/Miejski-program-stypendialny.jpg\" alt=\"\" width=\"720\" height=\"432\" \/><\/p>\n<p>&nbsp;<\/p>\n<p><strong>Wi\u0119cej:<\/strong><\/p>\n<p><a href=\"https:\/\/up.lublin.pl\/agrobio\/wp-content\/uploads\/sites\/2\/2024\/10\/informacja-prasowa_MPS_2024-25.pdf\">Informacja prasowa<\/a><\/p>\n<p><a href=\"https:\/\/up.lublin.pl\/agrobio\/wp-content\/uploads\/sites\/2\/2024\/10\/Uchwala-akt-4-2.pdf\">Uchwa\u0142a (akt-4-2)<\/a><\/p>\n<p><a href=\"https:\/\/up.lublin.pl\/agrobio\/wp-content\/uploads\/sites\/2\/2024\/10\/Klauzula-informacyjna_MPS-1.pdf\">Klauzula informacyjna MPS<\/a><\/p>\n<p><a href=\"https:\/\/up.lublin.pl\/agrobio\/wp-content\/uploads\/sites\/2\/2024\/10\/PZ_2024_10_51_zalacznik-nr_1_Wniosek-o-przyznanie-stypendium_wersja-edytowalna.docx\">Za\u0142\u0105cznik nr 1 Wniosek o przyznanie stypendium (wersja edytowalna)<\/a><\/p>\n<p><a href=\"https:\/\/up.lublin.pl\/agrobio\/wp-content\/uploads\/sites\/2\/2024\/10\/pz_2024_10_51_zalacznik_nr_2_karta_oceny_formalnej_i_merytorycznej_wniosku_o_stypendium.pdf\">Za\u0142\u0105cznik nr 2 Karta oceny formalnej i merytorycznej wniosku o stypendium<\/a><\/p>\n<p><a href=\"https:\/\/up.lublin.pl\/agrobio\/wp-content\/uploads\/sites\/2\/2024\/10\/pz_2024_10_51_zalacznik_nr_3_lista_rankingowa_kandydatow_do_stypendium.pdf\">Za\u0142\u0105cznik nr 3 Lista rankingowa kandydat\u00f3w do stypendium<\/a><\/p>\n","protected":false},"excerpt":{"rendered":"<p>Szanowni Pa\u0144stwo, &nbsp; Wraz z pocz\u0105tkiem listopada rozpocznie si\u0119 nab\u00f3r wniosk\u00f3w do Miejskiego Programu Stypendialnego dla Student\u00f3w i Doktorant\u00f3w. Ma on na celu wsparcie wybitnie uzdolnionych os\u00f3b, kt\u00f3rych dzia\u0142alno\u015b\u0107 naukowa i pozanaukowa przyczynia si\u0119 do rozwoju miasta Lublin oraz jego gospodarki. &nbsp; Nab\u00f3r wniosk\u00f3w na rok akademicki 2024\/2025 odb\u0119dzie si\u0119 w terminie od 1 do [&hellip;]<\/p>\n","protected":false},"author":207,"featured_media":154166,"comment_status":"closed","ping_status":"closed","sticky":false,"template":"","format":"standard","meta":{"_monsterinsights_skip_tracking":false,"_monsterinsights_sitenote_active":false,"_monsterinsights_sitenote_note":"","_monsterinsights_sitenote_category":0},"categories":[12],"tags":[],"_links":{"self":[{"href":"https:\/\/up.lublin.pl\/agrobio\/wp-json\/wp\/v2\/posts\/159422"}],"collection":[{"href":"https:\/\/up.lublin.pl\/agrobio\/wp-json\/wp\/v2\/posts"}],"about":[{"href":"https:\/\/up.lublin.pl\/agrobio\/wp-json\/wp\/v2\/types\/post"}],"author":[{"embeddable":true,"href":"https:\/\/up.lublin.pl\/agrobio\/wp-json\/wp\/v2\/users\/207"}],"replies":[{"embeddable":true,"href":"https:\/\/up.lublin.pl\/agrobio\/wp-json\/wp\/v2\/comments?post=159422"}],"version-history":[{"count":10,"href":"https:\/\/up.lublin.pl\/agrobio\/wp-json\/wp\/v2\/posts\/159422\/revisions"}],"predecessor-version":[{"id":159460,"href":"https:\/\/up.lublin.pl\/agrobio\/wp-json\/wp\/v2\/posts\/159422\/revisions\/159460"}],"wp:featuredmedia":[{"embeddable":true,"href":"https:\/\/up.lublin.pl\/agrobio\/wp-json\/wp\/v2\/media\/154166"}],"wp:attachment":[{"href":"https:\/\/up.lublin.pl\/agrobio\/wp-json\/wp\/v2\/media?parent=159422"}],"wp:term":[{"taxonomy":"category","embeddable":true,"href":"https:\/\/up.lublin.pl\/agrobio\/wp-json\/wp\/v2\/categories?post=159422"},{"taxonomy":"post_tag","embeddable":true,"href":"https:\/\/up.lublin.pl\/agrobio\/wp-json\/wp\/v2\/tags?post=159422"}],"curies":[{"name":"wp","href":"https:\/\/api.w.org\/{rel}","templated":true}]}}