{"id":158067,"date":"2024-10-02T09:04:49","date_gmt":"2024-10-02T07:04:49","guid":{"rendered":"https:\/\/up.lublin.pl\/agrobio\/?p=158067"},"modified":"2024-11-20T10:50:06","modified_gmt":"2024-11-20T09:50:06","slug":"final-xx-lubelskiego-festiwalu-nauki-na-wydziale-agrobioinzynierii","status":"publish","type":"post","link":"https:\/\/up.lublin.pl\/agrobio\/final-xx-lubelskiego-festiwalu-nauki-na-wydziale-agrobioinzynierii\/","title":{"rendered":"Fina\u0142 \u2013 XX Lubelskiego Festiwalu Nauki na Wydziale Agrobioin\u017cynierii"},"content":{"rendered":"<p>Szanowni Pa\u0144stwo,<\/p>\n<p>&nbsp;<\/p>\n<p>z wielk\u0105 rado\u015bci\u0105 pragn\u0119 podsumowa\u0107 <strong>XX Lubelski Festiwal Nauki<\/strong>, kt\u00f3ry w dniach<strong> 14-20 wrze\u015bnia 2024<\/strong> odby\u0142 si\u0119 na naszym Wydziale Agrobioin\u017cynierii.<\/p>\n<p>&nbsp;<\/p>\n<p><strong>W ramach tegorocznego LFN zrealizowali\u015bmy 50 projekt\u00f3w promuj\u0105cych nauk\u0119, obejmuj\u0105cych warsztaty, \u0107wiczenia, wyk\u0142ady i pokazy. \u0141\u0105cznie, w 90 edycjach, nasze wydarzenia zgromadzi\u0142y 1146 zarejestrowanych uczestnik\u00f3w \u2013 w\u015br\u00f3d nich by\u0142y grupy przedszkolne i szkolne, rodziny z dzie\u0107mi, m\u0142odzie\u017c oraz doro\u015bli.<\/strong><\/p>\n<p>&nbsp;<\/p>\n<p>Ten sukces nie by\u0142by mo\u017cliwy bez zaanga\u017cowania <strong>139 os\u00f3b \u2013 pracownik\u00f3w, doktorant\u00f3w i student\u00f3w naszego Wydzia\u0142u.<\/strong><\/p>\n<p>&nbsp;<\/p>\n<p><strong>Pragn\u0119 serdecznie podzi\u0119kowa\u0107 ka\u017cdemu z Pa\u0144stwa za wk\u0142ad w organizacj\u0119 i przeprowadzenie zg\u0142oszonych projekt\u00f3w. <\/strong><\/p>\n<p>&nbsp;<\/p>\n<p>To dzi\u0119ki Pa\u0144stwa energii, pasji, profesjonalizmowi i ci\u0119\u017ckiej pracy mogli\u015bmy przyczyni\u0107 si\u0119 do stworzenia niezapomnianych do\u015bwiadcze\u0144 dla naszych go\u015bci i w tak pi\u0119kny spos\u00f3b promowa\u0107 nauk\u0119, a tym samym \u2013 inspirowa\u0107 kolejne pokolenia.<\/p>\n<p>&nbsp;<\/p>\n<p><strong><em>Koordynator LFN na WA<br \/>\nAnna Mazurek-Kusiak<\/em><\/strong><\/p>\n","protected":false},"excerpt":{"rendered":"<p>Szanowni Pa\u0144stwo, &nbsp; z wielk\u0105 rado\u015bci\u0105 pragn\u0119 podsumowa\u0107 XX Lubelski Festiwal Nauki, kt\u00f3ry w dniach 14-20 wrze\u015bnia 2024 odby\u0142 si\u0119 na naszym Wydziale Agrobioin\u017cynierii. &nbsp; W ramach tegorocznego LFN zrealizowali\u015bmy 50 projekt\u00f3w promuj\u0105cych nauk\u0119, obejmuj\u0105cych warsztaty, \u0107wiczenia, wyk\u0142ady i pokazy. \u0141\u0105cznie, w 90 edycjach, nasze wydarzenia zgromadzi\u0142y 1146 zarejestrowanych uczestnik\u00f3w \u2013 w\u015br\u00f3d nich by\u0142y grupy [&hellip;]<\/p>\n","protected":false},"author":207,"featured_media":154236,"comment_status":"closed","ping_status":"closed","sticky":false,"template":"","format":"standard","meta":{"_monsterinsights_skip_tracking":false,"_monsterinsights_sitenote_active":false,"_monsterinsights_sitenote_note":"","_monsterinsights_sitenote_category":0},"categories":[12],"tags":[],"_links":{"self":[{"href":"https:\/\/up.lublin.pl\/agrobio\/wp-json\/wp\/v2\/posts\/158067"}],"collection":[{"href":"https:\/\/up.lublin.pl\/agrobio\/wp-json\/wp\/v2\/posts"}],"about":[{"href":"https:\/\/up.lublin.pl\/agrobio\/wp-json\/wp\/v2\/types\/post"}],"author":[{"embeddable":true,"href":"https:\/\/up.lublin.pl\/agrobio\/wp-json\/wp\/v2\/users\/207"}],"replies":[{"embeddable":true,"href":"https:\/\/up.lublin.pl\/agrobio\/wp-json\/wp\/v2\/comments?post=158067"}],"version-history":[{"count":3,"href":"https:\/\/up.lublin.pl\/agrobio\/wp-json\/wp\/v2\/posts\/158067\/revisions"}],"predecessor-version":[{"id":158070,"href":"https:\/\/up.lublin.pl\/agrobio\/wp-json\/wp\/v2\/posts\/158067\/revisions\/158070"}],"wp:featuredmedia":[{"embeddable":true,"href":"https:\/\/up.lublin.pl\/agrobio\/wp-json\/wp\/v2\/media\/154236"}],"wp:attachment":[{"href":"https:\/\/up.lublin.pl\/agrobio\/wp-json\/wp\/v2\/media?parent=158067"}],"wp:term":[{"taxonomy":"category","embeddable":true,"href":"https:\/\/up.lublin.pl\/agrobio\/wp-json\/wp\/v2\/categories?post=158067"},{"taxonomy":"post_tag","embeddable":true,"href":"https:\/\/up.lublin.pl\/agrobio\/wp-json\/wp\/v2\/tags?post=158067"}],"curies":[{"name":"wp","href":"https:\/\/api.w.org\/{rel}","templated":true}]}}