{"id":157776,"date":"2024-09-25T14:36:08","date_gmt":"2024-09-25T12:36:08","guid":{"rendered":"https:\/\/up.lublin.pl\/agrobio\/?p=157776"},"modified":"2024-09-27T14:39:47","modified_gmt":"2024-09-27T12:39:47","slug":"zmarl-prof-dr-hab-zdzislaw-targonski-dr-h-c-multi-rektor-w-kadencjach-2002-2008","status":"publish","type":"post","link":"https:\/\/up.lublin.pl\/agrobio\/zmarl-prof-dr-hab-zdzislaw-targonski-dr-h-c-multi-rektor-w-kadencjach-2002-2008\/","title":{"rendered":"Zmar\u0142 prof. dr hab. Zdzis\u0142aw Targo\u0144ski, dr h.c. multi.  Rektor w kadencjach 2002-2008"},"content":{"rendered":"<p><strong>Spo\u0142eczno\u015b\u0107 Uniwersytetu Przyrodniczego w\u00a0Lublinie z\u00a0g\u0142\u0119bokim \u017calem i\u00a0smutkiem przyj\u0119\u0142a informacj\u0119 o\u00a0\u015bmierci prof. dr. hab. Zdzis\u0142awa Targo\u0144skiego, dr h.c multi. <\/strong><\/p>\n<p><strong>Profesor Zdzis\u0142aw Targo\u0144ski, technolog \u017cywno\u015bci specjalizuj\u0105cy si\u0119 w\u00a0biotechnologii \u017cywno\u015bci, Rektor Akademii Rolniczej, a\u00a0nast\u0119pnie Uniwersytetu Przyrodniczego w\u00a0Lublinie w\u00a0latach (2002\u20132005) i\u00a0(2005\u20132008), zmar\u0142 24 wrze\u015bnia 2024 r.<\/strong><\/p>\n<p>&nbsp;<\/p>\n<p><img loading=\"lazy\" class=\"alignnone size-full wp-image-157777\" src=\"https:\/\/up.lublin.pl\/agrobio\/wp-content\/uploads\/sites\/2\/2024\/09\/Prof.-Targonski.jpg\" alt=\"\" width=\"343\" height=\"450\" \/><\/p>\n<p>&nbsp;<\/p>\n<p><strong>Prof. dr hab. Zdzis\u0142aw Targo\u0144ski<\/strong> \u2013 mentor wielu pokole\u0144 \u2013 by\u0142 m.in rektorem Akademii Rolniczej, a nast\u0119pnie Uniwersytetu Przyrodniczego w Lublinie. Przez wiele lat pracowa\u0142 na Wydziale Rolniczym (dawniej Agrobioin\u017cynierii). Zainicjowa\u0142 powstanie Wydzia\u0142u Nauk o \u017bywno\u015bci oraz aktywnie uczestniczy\u0142 w dzia\u0142aniach rozwojowych Uniwersytetu.<\/p>\n<p>&nbsp;<\/p>\n<p>Walnie przyczyni\u0142 si\u0119 do budowy i wyposa\u017cenia obiekt\u00f3w, takich jak budynek naukowo-dydaktyczny dla Wydzia\u0142u Nauk o \u017bywno\u015bci i Biotechnologii, Centrum Sportowo-Rekreacyjne, Wiwarium dla Wydzia\u0142u Medycyny Weterynaryjnej, a tak\u017ce do wyposa\u017cenia w najnowsz\u0105 aparatur\u0119 naukowo-badawcz\u0105 Centralnego Laboratorium Aparaturowego oraz do budowy Centrum Innowacyjnego Nowych Technik \u00a0i Technologii w In\u017cynierii Rolniczej.<\/p>\n<p>&nbsp;<\/p>\n<p>Od 2007 r. pe\u0142ni\u0142 funkcj\u0119 prezesa Akademickiego Zwi\u0105zku Sportowego Wojew\u00f3dztwa Lubelskiego. Profesor Zdzis\u0142aw Targo\u0144ski by\u0142 wielokrotnie odznaczany za swoj\u0105 dzia\u0142alno\u015b\u0107 (m.in: Z\u0142ot\u0105 Odznak\u0105 PTT\u017b i Krzy\u017cem Kawalerskim Orderu Odrodzenia Polski).<\/p>\n<p>&nbsp;<\/p>\n<p>Rodzinie Zmar\u0142ego wyrazy g\u0142\u0119bokiego wsp\u00f3\u0142czucia<\/p>\n<p>&nbsp;<\/p>\n<p>sk\u0142adaj\u0105<\/p>\n<p>&nbsp;<\/p>\n<p>Dziekan i Kolegium Dzieka\u0144skie oraz pracownicy i studenci Wydzia\u0142u Agrobioin\u017cynierii, Uniwersytetu Przyrodniczego w Lublinie<\/p>\n<p>&nbsp;<\/p>\n<p><strong>Cze\u015b\u0107 Jego Pami\u0119ci<\/strong><\/p>\n<p><img loading=\"lazy\" class=\"size-full wp-image-157781 aligncenter\" src=\"https:\/\/up.lublin.pl\/agrobio\/wp-content\/uploads\/sites\/2\/2024\/09\/1.jpg\" alt=\"\" width=\"150\" height=\"150\" \/><\/p>\n<p style=\"text-align: center;\"><strong><em>Uroczysto\u015bci pogrzebowe odb\u0119d\u0105 si\u0119 27 wrze\u015bnia<br \/>\no godz. 12.00 na cmentarzu przy ulicy Unickiej w\u00a0Lublinie.<\/em><\/strong><\/p>\n<p>&nbsp;<\/p>\n<p>&nbsp;<\/p>\n<p>&nbsp;<\/p>\n<p><a href=\"https:\/\/up.lublin.pl\/agrobio\/wp-content\/uploads\/sites\/2\/2024\/09\/prof.-dr-hab.-Zdzislaw-Targonski.pdf\">Biogram prof. dr. hab. Zdzis\u0142awa Targo\u0144skiego, dr h.c multi.<\/a><\/p>\n","protected":false},"excerpt":{"rendered":"<p>Spo\u0142eczno\u015b\u0107 Uniwersytetu Przyrodniczego w\u00a0Lublinie z\u00a0g\u0142\u0119bokim \u017calem i\u00a0smutkiem przyj\u0119\u0142a informacj\u0119 o\u00a0\u015bmierci prof. dr. hab. Zdzis\u0142awa Targo\u0144skiego, dr h.c multi. Profesor Zdzis\u0142aw Targo\u0144ski, technolog \u017cywno\u015bci specjalizuj\u0105cy si\u0119 w\u00a0biotechnologii \u017cywno\u015bci, Rektor Akademii Rolniczej, a\u00a0nast\u0119pnie Uniwersytetu Przyrodniczego w\u00a0Lublinie w\u00a0latach (2002\u20132005) i\u00a0(2005\u20132008), zmar\u0142 24 wrze\u015bnia 2024 r. &nbsp; &nbsp; Prof. dr hab. Zdzis\u0142aw Targo\u0144ski \u2013 mentor wielu pokole\u0144 \u2013 by\u0142 [&hellip;]<\/p>\n","protected":false},"author":207,"featured_media":154086,"comment_status":"closed","ping_status":"closed","sticky":false,"template":"","format":"standard","meta":{"_monsterinsights_skip_tracking":false,"_monsterinsights_sitenote_active":false,"_monsterinsights_sitenote_note":"","_monsterinsights_sitenote_category":0},"categories":[12],"tags":[],"_links":{"self":[{"href":"https:\/\/up.lublin.pl\/agrobio\/wp-json\/wp\/v2\/posts\/157776"}],"collection":[{"href":"https:\/\/up.lublin.pl\/agrobio\/wp-json\/wp\/v2\/posts"}],"about":[{"href":"https:\/\/up.lublin.pl\/agrobio\/wp-json\/wp\/v2\/types\/post"}],"author":[{"embeddable":true,"href":"https:\/\/up.lublin.pl\/agrobio\/wp-json\/wp\/v2\/users\/207"}],"replies":[{"embeddable":true,"href":"https:\/\/up.lublin.pl\/agrobio\/wp-json\/wp\/v2\/comments?post=157776"}],"version-history":[{"count":9,"href":"https:\/\/up.lublin.pl\/agrobio\/wp-json\/wp\/v2\/posts\/157776\/revisions"}],"predecessor-version":[{"id":157966,"href":"https:\/\/up.lublin.pl\/agrobio\/wp-json\/wp\/v2\/posts\/157776\/revisions\/157966"}],"wp:featuredmedia":[{"embeddable":true,"href":"https:\/\/up.lublin.pl\/agrobio\/wp-json\/wp\/v2\/media\/154086"}],"wp:attachment":[{"href":"https:\/\/up.lublin.pl\/agrobio\/wp-json\/wp\/v2\/media?parent=157776"}],"wp:term":[{"taxonomy":"category","embeddable":true,"href":"https:\/\/up.lublin.pl\/agrobio\/wp-json\/wp\/v2\/categories?post=157776"},{"taxonomy":"post_tag","embeddable":true,"href":"https:\/\/up.lublin.pl\/agrobio\/wp-json\/wp\/v2\/tags?post=157776"}],"curies":[{"name":"wp","href":"https:\/\/api.w.org\/{rel}","templated":true}]}}