{"id":157408,"date":"2024-09-20T08:57:44","date_gmt":"2024-09-20T06:57:44","guid":{"rendered":"https:\/\/up.lublin.pl\/agrobio\/?p=157408"},"modified":"2024-11-20T10:49:44","modified_gmt":"2024-11-20T09:49:44","slug":"informacje-dla-studentow-i-rok-studia-pierwszego-stopnia-rok-akad-2024-2025","status":"publish","type":"post","link":"https:\/\/up.lublin.pl\/agrobio\/informacje-dla-studentow-i-rok-studia-pierwszego-stopnia-rok-akad-2024-2025\/","title":{"rendered":"Informacje dla student\u00f3w I rok studia pierwszego stopnia rok akad. 2024\/2025"},"content":{"rendered":"<p><span style=\"font-size: 14px;\"><strong>Poni\u017cej informacje dla student\u00f3w I rok studia pierwszego stopnia:<\/strong><\/span><\/p>\n<p><a href=\"https:\/\/up.lublin.pl\/agrobio\/wp-content\/uploads\/sites\/2\/2024\/09\/Drodzy-Studenci-pierwszego-roku-1.pdf\">Drodzy Studenci pierwszego roku-1<\/a><\/p>\n<p><a href=\"https:\/\/up.lublin.pl\/agrobio\/wp-content\/uploads\/sites\/2\/2024\/09\/Harmonogram-Immatrykulacji-Wydzialowej-2024-3.pdf\">Harmonogram Immatrykulacji Wydzia\u0142owej 2024-3<\/a><\/p>\n<p><a href=\"https:\/\/up.lublin.pl\/agrobio\/wp-content\/uploads\/sites\/2\/2024\/09\/Komunikat-kwaterowanie-DS-2024-1.pdf\">Komunikat kwaterowanie DS 2024-1<\/a><\/p>\n<p><a href=\"https:\/\/up.lublin.pl\/agrobio\/wp-content\/uploads\/sites\/2\/2024\/09\/pierwsze-logowanie-do-WD-2.pdf\">pierwsze logowanie do WD-2<\/a><\/p>\n<p>&nbsp;<\/p>\n","protected":false},"excerpt":{"rendered":"<p>Poni\u017cej informacje dla student\u00f3w I rok studia pierwszego stopnia: Drodzy Studenci pierwszego roku-1 Harmonogram Immatrykulacji Wydzia\u0142owej 2024-3 Komunikat kwaterowanie DS 2024-1 pierwsze logowanie do WD-2 &nbsp;<\/p>\n","protected":false},"author":214,"featured_media":156964,"comment_status":"closed","ping_status":"closed","sticky":false,"template":"","format":"standard","meta":{"_monsterinsights_skip_tracking":false,"_monsterinsights_sitenote_active":false,"_monsterinsights_sitenote_note":"","_monsterinsights_sitenote_category":0},"categories":[12],"tags":[],"_links":{"self":[{"href":"https:\/\/up.lublin.pl\/agrobio\/wp-json\/wp\/v2\/posts\/157408"}],"collection":[{"href":"https:\/\/up.lublin.pl\/agrobio\/wp-json\/wp\/v2\/posts"}],"about":[{"href":"https:\/\/up.lublin.pl\/agrobio\/wp-json\/wp\/v2\/types\/post"}],"author":[{"embeddable":true,"href":"https:\/\/up.lublin.pl\/agrobio\/wp-json\/wp\/v2\/users\/214"}],"replies":[{"embeddable":true,"href":"https:\/\/up.lublin.pl\/agrobio\/wp-json\/wp\/v2\/comments?post=157408"}],"version-history":[{"count":3,"href":"https:\/\/up.lublin.pl\/agrobio\/wp-json\/wp\/v2\/posts\/157408\/revisions"}],"predecessor-version":[{"id":159709,"href":"https:\/\/up.lublin.pl\/agrobio\/wp-json\/wp\/v2\/posts\/157408\/revisions\/159709"}],"wp:featuredmedia":[{"embeddable":true,"href":"https:\/\/up.lublin.pl\/agrobio\/wp-json\/wp\/v2\/media\/156964"}],"wp:attachment":[{"href":"https:\/\/up.lublin.pl\/agrobio\/wp-json\/wp\/v2\/media?parent=157408"}],"wp:term":[{"taxonomy":"category","embeddable":true,"href":"https:\/\/up.lublin.pl\/agrobio\/wp-json\/wp\/v2\/categories?post=157408"},{"taxonomy":"post_tag","embeddable":true,"href":"https:\/\/up.lublin.pl\/agrobio\/wp-json\/wp\/v2\/tags?post=157408"}],"curies":[{"name":"wp","href":"https:\/\/api.w.org\/{rel}","templated":true}]}}