{"id":157406,"date":"2024-09-15T10:40:56","date_gmt":"2024-09-15T08:40:56","guid":{"rendered":"https:\/\/up.lublin.pl\/agrobio\/?p=157406"},"modified":"2024-09-19T10:43:53","modified_gmt":"2024-09-19T08:43:53","slug":"lubelski-festiwal-nauki-na-wydziale-agrobioinzynierii","status":"publish","type":"post","link":"https:\/\/up.lublin.pl\/agrobio\/lubelski-festiwal-nauki-na-wydziale-agrobioinzynierii\/","title":{"rendered":"Lubelski Festiwal Nauki na Wydziale Agrobioin\u017cynierii"},"content":{"rendered":"<p>W dniach 16-20 wrze\u015bnia 2024 roku na Wydziale Agrobioin\u017cynierii realizowane s\u0105 projekty w ramach Lubelskiego Festiwalu Nauki. Zapraszamy do udzia\u0142u i rezerwacji wolnych termin\u00f3w pod adresem <a title=\"https:\/\/www.festiwal.lublin.pl\/\" href=\"https:\/\/www.festiwal.lublin.pl\/\" target=\"_blank\" rel=\"noopener\">https:\/\/www.festiwal.lublin.pl\/<\/a><\/p>\n<p>&nbsp;<\/p>\n<p>Projekty, daty i miejsca realizacji:<\/p>\n<p><a href=\"https:\/\/up.lublin.pl\/agrobio\/wp-content\/uploads\/sites\/2\/2024\/09\/Lubelski-Festiwal-Nauki-na-Wydziale-Agrobioinzynierii.pdf\">Lubelski Festiwal Nauki na Wydziale Agrobioin\u017cynierii<\/a><\/p>\n<p>&nbsp;<\/p>\n","protected":false},"excerpt":{"rendered":"<p>W dniach 16-20 wrze\u015bnia 2024 roku na Wydziale Agrobioin\u017cynierii realizowane s\u0105 projekty w ramach Lubelskiego Festiwalu Nauki. Zapraszamy do udzia\u0142u i rezerwacji wolnych termin\u00f3w pod adresem https:\/\/www.festiwal.lublin.pl\/ &nbsp; Projekty, daty i miejsca realizacji: Lubelski Festiwal Nauki na Wydziale Agrobioin\u017cynierii &nbsp;<\/p>\n","protected":false},"author":228,"featured_media":157402,"comment_status":"closed","ping_status":"closed","sticky":false,"template":"","format":"standard","meta":{"_monsterinsights_skip_tracking":false,"_monsterinsights_sitenote_active":false,"_monsterinsights_sitenote_note":"","_monsterinsights_sitenote_category":0},"categories":[12],"tags":[],"_links":{"self":[{"href":"https:\/\/up.lublin.pl\/agrobio\/wp-json\/wp\/v2\/posts\/157406"}],"collection":[{"href":"https:\/\/up.lublin.pl\/agrobio\/wp-json\/wp\/v2\/posts"}],"about":[{"href":"https:\/\/up.lublin.pl\/agrobio\/wp-json\/wp\/v2\/types\/post"}],"author":[{"embeddable":true,"href":"https:\/\/up.lublin.pl\/agrobio\/wp-json\/wp\/v2\/users\/228"}],"replies":[{"embeddable":true,"href":"https:\/\/up.lublin.pl\/agrobio\/wp-json\/wp\/v2\/comments?post=157406"}],"version-history":[{"count":1,"href":"https:\/\/up.lublin.pl\/agrobio\/wp-json\/wp\/v2\/posts\/157406\/revisions"}],"predecessor-version":[{"id":157407,"href":"https:\/\/up.lublin.pl\/agrobio\/wp-json\/wp\/v2\/posts\/157406\/revisions\/157407"}],"wp:featuredmedia":[{"embeddable":true,"href":"https:\/\/up.lublin.pl\/agrobio\/wp-json\/wp\/v2\/media\/157402"}],"wp:attachment":[{"href":"https:\/\/up.lublin.pl\/agrobio\/wp-json\/wp\/v2\/media?parent=157406"}],"wp:term":[{"taxonomy":"category","embeddable":true,"href":"https:\/\/up.lublin.pl\/agrobio\/wp-json\/wp\/v2\/categories?post=157406"},{"taxonomy":"post_tag","embeddable":true,"href":"https:\/\/up.lublin.pl\/agrobio\/wp-json\/wp\/v2\/tags?post=157406"}],"curies":[{"name":"wp","href":"https:\/\/api.w.org\/{rel}","templated":true}]}}