{"id":157087,"date":"2024-07-30T08:36:16","date_gmt":"2024-07-30T06:36:16","guid":{"rendered":"https:\/\/up.lublin.pl\/agrobio\/?p=157087"},"modified":"2024-07-30T08:36:29","modified_gmt":"2024-07-30T06:36:29","slug":"konkurs-otwarty-na-stanowisko-profesora-w-grupie-pracownikow-badawczo-dydaktycznych-w-katedrze-chemii-rolnej-i-srodowiskowej","status":"publish","type":"post","link":"https:\/\/up.lublin.pl\/agrobio\/konkurs-otwarty-na-stanowisko-profesora-w-grupie-pracownikow-badawczo-dydaktycznych-w-katedrze-chemii-rolnej-i-srodowiskowej\/","title":{"rendered":"Konkurs otwarty na stanowisko profesora w grupie pracownik\u00f3w badawczo-dydaktycznych w Katedrze Chemii Rolnej i \u015arodowiskowej"},"content":{"rendered":"\t\t<div data-elementor-type=\"wp-post\" data-elementor-id=\"157087\" class=\"elementor elementor-157087\" data-elementor-settings=\"[]\">\n\t\t\t\t\t\t<div class=\"elementor-inner\">\n\t\t\t\t\t\t\t<div class=\"elementor-section-wrap\">\n\t\t\t\t\t\t\t<section class=\"elementor-section elementor-top-section elementor-element elementor-element-81049f1 elementor-section-boxed elementor-section-height-default elementor-section-height-default\" data-id=\"81049f1\" data-element_type=\"section\">\n\t\t\t\t\t\t<div class=\"elementor-container elementor-column-gap-default\">\n\t\t\t\t\t\t\t<div class=\"elementor-row\">\n\t\t\t\t\t<div class=\"elementor-column elementor-col-100 elementor-top-column elementor-element elementor-element-59d21f4\" data-id=\"59d21f4\" data-element_type=\"column\">\n\t\t\t<div class=\"elementor-column-wrap elementor-element-populated\">\n\t\t\t\t\t\t\t<div class=\"elementor-widget-wrap\">\n\t\t\t\t\t\t<div class=\"elementor-element elementor-element-61c7083 elementor-widget elementor-widget-m5c\" data-id=\"61c7083\" data-element_type=\"widget\" data-widget_type=\"m5c.default\">\n\t\t\t\t<div class=\"elementor-widget-container\">\n\t\t\t<section class=\"mn-m5-c mn-m5-d2 mn-bg-white\">\n\t<div class=\"mn-grid\">\n\t\t\t\t<div class=\"mn-content mn-grid-9\">\n\t\t\t                <div class=\"mn-content-block active\">\n\t                                                        <div class=\"block-text\">\n\t                                        <p style=\"text-align: center;\">Dziekan Wydzia\u0142u Agrobioin\u017cynierii Uniwersytetu Przyrodniczego w&nbsp;Lublinie <br \/>og\u0142asza <br \/><strong>KONKURS OTWARTY <br \/><\/strong>na stanowisko <strong>profesora w&nbsp;grupie pracownik\u00f3w badawczo-dydaktycznych <br \/><\/strong><strong>w Katedrze Chemii Rolnej i&nbsp;\u015arodowiskowej<\/strong><\/p>\n<p>Do konkursu mog\u0105 przyst\u0105pi\u0107 osoby spe\u0142niaj\u0105ce wymogi przewidziane w&nbsp;art. 113 ustawy z&nbsp;dnia 20 lipca 2018 roku \u2013 Prawo o&nbsp;szkolnictwie wy\u017cszym i&nbsp;nauce (Dz.U. 2018, poz. 1668).<\/p>\n<p><strong>Wymagania stawiane kandydatom:<\/strong><\/p>\n<ol style=\"margin-bottom: 20px;\">\n<li>tytu\u0142 profesora i&nbsp;stopie\u0144 doktora habilitowanego nauk rolniczych w&nbsp;dyscyplinie rolnictwo i&nbsp;ogrodnictwo,<\/li>\n<li>udokumentowany dorobek naukowy i&nbsp;publikacyjny z&nbsp;zakresu rolnictwa, chemii rolnej, nawo\u017cenia i&nbsp;ochrony \u015brodowiska<\/li>\n<li>do\u015bwiadczenie w&nbsp;pracy naukowo-badawczej, dydaktycznej i&nbsp;organizacyjnej,<\/li>\n<li>do\u015bwiadczenie w&nbsp;pozyskiwaniu i&nbsp;kierowaniu projekt\u00f3w badawczych z&nbsp;NCN lub innych \u017ar\u00f3de\u0142 zewn\u0119trznych<\/li>\n<li>umiej\u0119tno\u015b\u0107 pracy w&nbsp;zespole i&nbsp;do\u015bwiadczenie w&nbsp;kierowaniu zasobami ludzkimi,<\/li>\n<li>dobra znajomo\u015b\u0107 j\u0119zyka polskiego w&nbsp;mowie i&nbsp;pi\u015bmie umo\u017cliwiaj\u0105ca realizacj\u0119 zaj\u0119\u0107 dydaktycznych i&nbsp;procesu badawczego,<\/li>\n<li>znajomo\u015b\u0107 j\u0119zyka angielskiego.<\/li>\n<\/ol>\n<p><strong>Wymagane dokumenty:<\/strong><\/p>\n<ol style=\"margin-bottom: 20px;\">\n<li>Podanie o&nbsp;zatrudnienie do JM Rektora Uniwersytetu Przyrodniczego w&nbsp;Lublinie<\/li>\n<li>\u017byciorys,<\/li>\n<li>Kwestionariusz osobowy<\/li>\n<li>Dyplomy lub odpisy dyplom\u00f3w (potwierdzone za zgodno\u015b\u0107 z\u00a0orygina\u0142em) o&nbsp;nadanie stopnia\/tytu\u0142u naukowego, potwierdzaj\u0105ce posiadane kwalifikacje,<\/li>\n<li>W przypadku cudzoziemc\u00f3w Certyfikat Znajomo\u015bci J\u0119zyka Polskiego, wydany przez Pa\u0144stwow\u0105 Komisj\u0119 Po\u015bwiadczenia Znajomo\u015bci J\u0119zyka Polskiego Jako Obcego,<\/li>\n<li>O\u015bwiadczenie, \u017ce Uniwersytet Przyrodniczy w&nbsp;Lublinie b\u0119dzie podstawowym miejscem pracy w&nbsp;przypadku konkursu<\/li>\n<li>O\u015bwiadczenie o&nbsp;spe\u0142nianiu warunk\u00f3w z&nbsp;art. 113, ustawy z&nbsp;dn. 20 lipca 2018 Prawo o&nbsp;szkolnictwie wy\u017cszym i&nbsp;nauce (Dz.U. 2018, poz. 1668),<\/li>\n<li>Zgoda na przetwarzanie danych osobowych.<\/li>\n<\/ol>\n                                        <\/div>\n\t\t\t\t\t\t                                                        <div class=\"mn-cards-list\">\n                                            <div class=\"mn-card-container\">\n                                                <div>\n                                                    <img src=\"https:\/\/up.lublin.pl\/agrobio\/wp-content\/themes\/up-lublin\/assets\/images\/doc-ico.svg\" alt=\"\" \/>\n                                                    <h5>Druki od pobrania <\/h5>\n                                                <\/div>\n                                                <a href=\"https:\/\/up.lublin.pl\/bip\/konkursy\/druki-do-pobrania\/\" class=\"mn-more\" target=\"_blank\">Zobacz<\/a>\n                                            <\/div>\n                                        <\/div>\n\t\t\t\t\t\t                                                        <div class=\"block-text\">\n\t                                        <ol style=\"margin-bottom: 20px;\">\n<li>kwestionariusz dla osoby ubiegaj\u0105cej si\u0119 o&nbsp;zatrudnienie<\/li>\n<li>o\u015bwiadczenie nauczyciela akademickiego o&nbsp;podstawowym miejscu pracy<\/li>\n<li>o\u015bwiadczenie o&nbsp;niekaralno\u015bci \u2014 art. 113 ustawy z&nbsp;dnia 20 lipca 2018 Prawo o&nbsp;Szkolnictwie Wy\u017cszym i&nbsp;Nauce<\/li>\n<\/ol>\n<p>Dokumenty wydane w&nbsp;j\u0119zyku obcym powinny by\u0107 przet\u0142umaczone na j\u0119zyk polski. Kopie dokument\u00f3w powinny by\u0107 po\u015bwiadczone notarialnie lub z\u0142o\u017cone bezpo\u015brednio w&nbsp;UP w&nbsp;Lublinie z&nbsp;orygina\u0142em do wgl\u0105du.<\/p>\n<p>Informacja: Uniwersytet Przyrodniczy w&nbsp;Lublinie zastrzega sobie prawo uniewa\u017cnienia konkursu przez Rektora bez podania przyczyn. Niepoinformowanie kandydata o&nbsp;wynikach konkursu r\u00f3wnoznaczne jest z&nbsp;odrzuceniem jego oferty.<\/p>\n<p>Dokumenty nale\u017cy sk\u0142ada\u0107 w&nbsp;Dziekanacie Wydzia\u0142u Agrobioin\u017cynierii UP w&nbsp;Lublinie, ul. Akademicka 13, pok. 368 (tel. 81-445-68-06) <strong>w terminie do dnia 30 sierpnia 2024r.<\/strong><\/p>\n<p style=\"text-align: right;\">Dziekan Wydzia\u0142u<br \/>Prof. dr hab. Barbara Ko\u0142odziej<\/p>\n                                        <\/div>\n\t\t\t\t\t\t                                <\/div>\n\t\t\t\t                <div class=\"mn-content-block\">\n\t                                <\/div>\n\t\t\t\t                <div class=\"mn-content-block\">\n\t                                <\/div>\n\t\t\t\t                <div class=\"mn-content-block\">\n\t                                <\/div>\n\t\t\t\t                <div class=\"mn-content-block\">\n\t                                <\/div>\n\t\t\t\t                <div class=\"mn-content-block\">\n\t                                <\/div>\n\t\t\t\t                <div class=\"mn-content-block\">\n\t                                <\/div>\n\t\t\t\t                <div class=\"mn-content-block\">\n\t                                <\/div>\n\t\t\t\t                <div class=\"mn-content-block\">\n\t                                <\/div>\n\t\t\t\t                <div class=\"mn-content-block\">\n\t                                <\/div>\n\t\t\t\t                <div class=\"mn-content-block\">\n\t                                <\/div>\n\t\t\t\t                <div class=\"mn-content-block\">\n\t                                <\/div>\n\t\t\t\t                <div class=\"mn-content-block\">\n\t                                <\/div>\n\t\t\t\t                <div class=\"mn-content-block\">\n\t                                <\/div>\n\t\t\t\t                <div class=\"mn-content-block\">\n\t                                <\/div>\n\t\t\t\t                <div class=\"mn-content-block\">\n\t                                <\/div>\n\t\t\t\t                <div class=\"mn-content-block\">\n\t                                <\/div>\n\t\t\t\t                <div class=\"mn-content-block\">\n\t                                <\/div>\n\t\t\t\t                <div class=\"mn-content-block\">\n\t                                <\/div>\n\t\t\t\t                <div class=\"mn-content-block\">\n\t                                <\/div>\n\t\t\t\t\t\t<\/div>\n\t<\/div>\n<\/section>\n\t\t<\/div>\n\t\t\t\t<\/div>\n\t\t\t\t\t\t<\/div>\n\t\t\t\t\t<\/div>\n\t\t<\/div>\n\t\t\t\t\t\t\t\t<\/div>\n\t\t\t\t\t<\/div>\n\t\t<\/section>\n\t\t\t\t\t\t<\/div>\n\t\t\t\t\t\t<\/div>\n\t\t\t\t\t<\/div>\n\t\t","protected":false},"excerpt":{"rendered":"<p>Dziekan Wydzia\u0142u Agrobioin\u017cynierii Uniwersytetu Przyrodniczego w&nbsp;Lublinie og\u0142asza KONKURS OTWARTY na stanowisko profesora w&nbsp;grupie pracownik\u00f3w badawczo-dydaktycznych w Katedrze Chemii Rolnej i&nbsp;\u015arodowiskowej Do konkursu mog\u0105 przyst\u0105pi\u0107 osoby spe\u0142niaj\u0105ce wymogi przewidziane w&nbsp;art. 113 ustawy z&nbsp;dnia 20 lipca 2018 roku \u2013 Prawo o&nbsp;szkolnictwie wy\u017cszym i&nbsp;nauce (Dz.U. 2018, poz. 1668). Wymagania stawiane kandydatom: tytu\u0142 profesora i&nbsp;stopie\u0144 doktora habilitowanego nauk rolniczych [&hellip;]<\/p>\n","protected":false},"author":2,"featured_media":156613,"comment_status":"closed","ping_status":"closed","sticky":false,"template":"elementor_header_footer","format":"standard","meta":{"_monsterinsights_skip_tracking":false,"_monsterinsights_sitenote_active":false,"_monsterinsights_sitenote_note":"","_monsterinsights_sitenote_category":0},"categories":[12],"tags":[],"_links":{"self":[{"href":"https:\/\/up.lublin.pl\/agrobio\/wp-json\/wp\/v2\/posts\/157087"}],"collection":[{"href":"https:\/\/up.lublin.pl\/agrobio\/wp-json\/wp\/v2\/posts"}],"about":[{"href":"https:\/\/up.lublin.pl\/agrobio\/wp-json\/wp\/v2\/types\/post"}],"author":[{"embeddable":true,"href":"https:\/\/up.lublin.pl\/agrobio\/wp-json\/wp\/v2\/users\/2"}],"replies":[{"embeddable":true,"href":"https:\/\/up.lublin.pl\/agrobio\/wp-json\/wp\/v2\/comments?post=157087"}],"version-history":[{"count":4,"href":"https:\/\/up.lublin.pl\/agrobio\/wp-json\/wp\/v2\/posts\/157087\/revisions"}],"predecessor-version":[{"id":157091,"href":"https:\/\/up.lublin.pl\/agrobio\/wp-json\/wp\/v2\/posts\/157087\/revisions\/157091"}],"wp:featuredmedia":[{"embeddable":true,"href":"https:\/\/up.lublin.pl\/agrobio\/wp-json\/wp\/v2\/media\/156613"}],"wp:attachment":[{"href":"https:\/\/up.lublin.pl\/agrobio\/wp-json\/wp\/v2\/media?parent=157087"}],"wp:term":[{"taxonomy":"category","embeddable":true,"href":"https:\/\/up.lublin.pl\/agrobio\/wp-json\/wp\/v2\/categories?post=157087"},{"taxonomy":"post_tag","embeddable":true,"href":"https:\/\/up.lublin.pl\/agrobio\/wp-json\/wp\/v2\/tags?post=157087"}],"curies":[{"name":"wp","href":"https:\/\/api.w.org\/{rel}","templated":true}]}}