{"id":156963,"date":"2024-07-11T10:22:18","date_gmt":"2024-07-11T08:22:18","guid":{"rendered":"https:\/\/up.lublin.pl\/agrobio\/?p=156963"},"modified":"2024-07-11T10:22:18","modified_gmt":"2024-07-11T08:22:18","slug":"biuro-karier-zaprasza-do-zapoznania-sie-z-oferta-pracy","status":"publish","type":"post","link":"https:\/\/up.lublin.pl\/agrobio\/biuro-karier-zaprasza-do-zapoznania-sie-z-oferta-pracy\/","title":{"rendered":"Biuro Karier zaprasza do zapoznania si\u0119 z ofert\u0105 pracy."},"content":{"rendered":"<p><img loading=\"lazy\" class=\"alignnone size-full wp-image-171730\" src=\"https:\/\/up.lublin.pl\/srodowiskowa\/wp-content\/uploads\/sites\/5\/2024\/07\/maly-LOGOTYP-LOGO-BIUR.jpg\" alt=\"Biuro Karier\" width=\"500\" height=\"159\" \/><\/p>\n<p>&nbsp;<\/p>\n<p>Biuro Karier zaprasza do zapoznania si\u0119 z ofert\u0105 pracy na stanowisku pracy w Le\u015bnym Banku Gen\u00f3w Kostrzyca. Firma prowadzi rekrutacj\u0119 na stanowisko referenta ds. organizacji zbioru i tworzenia zasob\u00f3w w Zespole Organizacji Zbioru i Tworzenia Zasob\u00f3w Le\u015bnego Banku Gen\u00f3w Kostrzyca. Szczeg\u00f3\u0142owe informacje:<\/p>\n<p>&nbsp;<\/p>\n<p><img loading=\"lazy\" class=\"alignnone size-full wp-image-171734\" src=\"https:\/\/up.lublin.pl\/srodowiskowa\/wp-content\/uploads\/sites\/5\/2024\/07\/logo-kostrzyca.png\" alt=\"logo Kostrzyca\" width=\"708\" height=\"153\" \/><\/p>\n<ul>\n<li><a href=\"https:\/\/up.lublin.pl\/srodowiskowa\/wp-content\/uploads\/sites\/5\/2024\/07\/Informacja-o-ofercie.pdf\">Informacja-o-ofercie<\/a><\/li>\n<li><a href=\"https:\/\/up.lublin.pl\/srodowiskowa\/wp-content\/uploads\/sites\/5\/2024\/07\/Oferta-pracy_nabor-referent-ds-org-zbioru-tworzenia-zasobow.pdf\">Oferta-pracy_nab\u00f3r-referent-ds-org-zbioru- tworzenia zasob\u00f3w<\/a><\/li>\n<li><a href=\"https:\/\/up.lublin.pl\/srodowiskowa\/wp-content\/uploads\/sites\/5\/2024\/07\/Kwestionariusz-osobowy-kandydata.pdf\">Kwestionariusz-osobowy-kandydata<\/a><\/li>\n<li><a href=\"https:\/\/up.lublin.pl\/srodowiskowa\/wp-content\/uploads\/sites\/5\/2024\/07\/Klauzula-informacyjna.pdf\">Klauzula-informacyjna<\/a><\/li>\n<\/ul>\n<p>&nbsp;<\/p>\n","protected":false},"excerpt":{"rendered":"<p>&nbsp; Biuro Karier zaprasza do zapoznania si\u0119 z ofert\u0105 pracy na stanowisku pracy w Le\u015bnym Banku Gen\u00f3w Kostrzyca. Firma prowadzi rekrutacj\u0119 na stanowisko referenta ds. organizacji zbioru i tworzenia zasob\u00f3w w Zespole Organizacji Zbioru i Tworzenia Zasob\u00f3w Le\u015bnego Banku Gen\u00f3w Kostrzyca. Szczeg\u00f3\u0142owe informacje: &nbsp; Informacja-o-ofercie Oferta-pracy_nab\u00f3r-referent-ds-org-zbioru- tworzenia zasob\u00f3w Kwestionariusz-osobowy-kandydata Klauzula-informacyjna &nbsp;<\/p>\n","protected":false},"author":228,"featured_media":156964,"comment_status":"closed","ping_status":"closed","sticky":false,"template":"","format":"standard","meta":{"_monsterinsights_skip_tracking":false,"_monsterinsights_sitenote_active":false,"_monsterinsights_sitenote_note":"","_monsterinsights_sitenote_category":0},"categories":[12],"tags":[],"_links":{"self":[{"href":"https:\/\/up.lublin.pl\/agrobio\/wp-json\/wp\/v2\/posts\/156963"}],"collection":[{"href":"https:\/\/up.lublin.pl\/agrobio\/wp-json\/wp\/v2\/posts"}],"about":[{"href":"https:\/\/up.lublin.pl\/agrobio\/wp-json\/wp\/v2\/types\/post"}],"author":[{"embeddable":true,"href":"https:\/\/up.lublin.pl\/agrobio\/wp-json\/wp\/v2\/users\/228"}],"replies":[{"embeddable":true,"href":"https:\/\/up.lublin.pl\/agrobio\/wp-json\/wp\/v2\/comments?post=156963"}],"version-history":[{"count":1,"href":"https:\/\/up.lublin.pl\/agrobio\/wp-json\/wp\/v2\/posts\/156963\/revisions"}],"predecessor-version":[{"id":156968,"href":"https:\/\/up.lublin.pl\/agrobio\/wp-json\/wp\/v2\/posts\/156963\/revisions\/156968"}],"wp:featuredmedia":[{"embeddable":true,"href":"https:\/\/up.lublin.pl\/agrobio\/wp-json\/wp\/v2\/media\/156964"}],"wp:attachment":[{"href":"https:\/\/up.lublin.pl\/agrobio\/wp-json\/wp\/v2\/media?parent=156963"}],"wp:term":[{"taxonomy":"category","embeddable":true,"href":"https:\/\/up.lublin.pl\/agrobio\/wp-json\/wp\/v2\/categories?post=156963"},{"taxonomy":"post_tag","embeddable":true,"href":"https:\/\/up.lublin.pl\/agrobio\/wp-json\/wp\/v2\/tags?post=156963"}],"curies":[{"name":"wp","href":"https:\/\/api.w.org\/{rel}","templated":true}]}}