{"id":156771,"date":"2024-06-24T13:29:12","date_gmt":"2024-06-24T11:29:12","guid":{"rendered":"https:\/\/up.lublin.pl\/agrobio\/?p=156771"},"modified":"2024-06-24T13:29:23","modified_gmt":"2024-06-24T11:29:23","slug":"kondolencje-dla-dr-hab-elzbiety-harasim-prof-uczelni","status":"publish","type":"post","link":"https:\/\/up.lublin.pl\/agrobio\/kondolencje-dla-dr-hab-elzbiety-harasim-prof-uczelni\/","title":{"rendered":"Kondolencje dla dr hab. El\u017cbiety Harasim, prof. uczelni"},"content":{"rendered":"\t\t<div data-elementor-type=\"wp-post\" data-elementor-id=\"156771\" class=\"elementor elementor-156771\" data-elementor-settings=\"[]\">\n\t\t\t\t\t\t<div class=\"elementor-inner\">\n\t\t\t\t\t\t\t<div class=\"elementor-section-wrap\">\n\t\t\t\t\t\t\t<section class=\"elementor-section elementor-top-section elementor-element elementor-element-df8fa4d elementor-section-boxed elementor-section-height-default elementor-section-height-default\" data-id=\"df8fa4d\" data-element_type=\"section\">\n\t\t\t\t\t\t<div class=\"elementor-container elementor-column-gap-default\">\n\t\t\t\t\t\t\t<div class=\"elementor-row\">\n\t\t\t\t\t<div class=\"elementor-column elementor-col-100 elementor-top-column elementor-element elementor-element-9f7ab65\" data-id=\"9f7ab65\" data-element_type=\"column\">\n\t\t\t<div class=\"elementor-column-wrap elementor-element-populated\">\n\t\t\t\t\t\t\t<div class=\"elementor-widget-wrap\">\n\t\t\t\t\t\t<div class=\"elementor-element elementor-element-e06a1c3 elementor-widget elementor-widget-m5c\" data-id=\"e06a1c3\" data-element_type=\"widget\" data-widget_type=\"m5c.default\">\n\t\t\t\t<div class=\"elementor-widget-container\">\n\t\t\t<section class=\"mn-m5-c mn-m5-d2 mn-bg-white\">\n\t<div class=\"mn-grid\">\n\t\t\t\t<div class=\"mn-content mn-grid-9\">\n\t\t\t                <div class=\"mn-content-block active\">\n\t                                                        <div class=\"block-text\">\n\t                                        <p style=\"text-align: center;\"><a href=\"https:\/\/up.lublin.pl\/wp-content\/uploads\/2021\/05\/in_memoriam_tresc.jpg\"><img loading=\"lazy\" class=\"aligncenter  wp-image-157842\" src=\"https:\/\/up.lublin.pl\/wp-content\/uploads\/2021\/05\/in_memoriam_tresc.jpg\" alt=\"czarna wst\u0105\u017cka \u017ca\u0142obna\" width=\"125\" height=\"125\" \/><\/a><\/p>\n<p style=\"text-align: center;\">Naszej serdecznej Kole\u017cance<br \/>dr hab. El\u017cbiecie Harasim, prof. uczelni<br \/>oraz<br \/>Jej Rodzinie<\/p>\n<p style=\"text-align: center;\">z powodu \u015bmierci<\/p>\n<h3 style=\"text-align: center;\"><em>Taty<\/em><\/h3>\n<p style=\"text-align: center;\">sk\u0142adamy g\u0142\u0119bokie wyrazy wsp\u00f3\u0142czucia, kieruj\u0105c przy tym \u017cyczliwe<br \/>s\u0142owa otuchy i&nbsp;wsparcia<\/p>\n<p style=\"text-align: center;\"><em>Pracownicy Katedry Herbologii i&nbsp;Technik Uprawy Ro\u015blin<\/em><br \/><em>Uniwersytetu Przyrodniczego w&nbsp;Lublinie<\/em><\/p>\n                                        <\/div>\n\t\t\t\t\t\t                                <\/div>\n\t\t\t\t                <div class=\"mn-content-block\">\n\t                                <\/div>\n\t\t\t\t                <div class=\"mn-content-block\">\n\t                                <\/div>\n\t\t\t\t                <div class=\"mn-content-block\">\n\t                                <\/div>\n\t\t\t\t                <div class=\"mn-content-block\">\n\t                                <\/div>\n\t\t\t\t                <div class=\"mn-content-block\">\n\t                                <\/div>\n\t\t\t\t                <div class=\"mn-content-block\">\n\t                                <\/div>\n\t\t\t\t                <div class=\"mn-content-block\">\n\t                                <\/div>\n\t\t\t\t                <div class=\"mn-content-block\">\n\t                                <\/div>\n\t\t\t\t                <div class=\"mn-content-block\">\n\t                                <\/div>\n\t\t\t\t                <div class=\"mn-content-block\">\n\t                                <\/div>\n\t\t\t\t                <div class=\"mn-content-block\">\n\t                                <\/div>\n\t\t\t\t                <div class=\"mn-content-block\">\n\t                                <\/div>\n\t\t\t\t                <div class=\"mn-content-block\">\n\t                                <\/div>\n\t\t\t\t                <div class=\"mn-content-block\">\n\t                                <\/div>\n\t\t\t\t                <div class=\"mn-content-block\">\n\t                                <\/div>\n\t\t\t\t                <div class=\"mn-content-block\">\n\t                                <\/div>\n\t\t\t\t                <div class=\"mn-content-block\">\n\t                                <\/div>\n\t\t\t\t                <div class=\"mn-content-block\">\n\t                                <\/div>\n\t\t\t\t                <div class=\"mn-content-block\">\n\t                                <\/div>\n\t\t\t\t\t\t<\/div>\n\t<\/div>\n<\/section>\n\t\t<\/div>\n\t\t\t\t<\/div>\n\t\t\t\t\t\t<\/div>\n\t\t\t\t\t<\/div>\n\t\t<\/div>\n\t\t\t\t\t\t\t\t<\/div>\n\t\t\t\t\t<\/div>\n\t\t<\/section>\n\t\t\t\t\t\t<\/div>\n\t\t\t\t\t\t<\/div>\n\t\t\t\t\t<\/div>\n\t\t","protected":false},"excerpt":{"rendered":"<p>Naszej serdecznej Kole\u017cancedr hab. El\u017cbiecie Harasim, prof. uczelniorazJej Rodzinie z powodu \u015bmierci Taty sk\u0142adamy g\u0142\u0119bokie wyrazy wsp\u00f3\u0142czucia, kieruj\u0105c przy tym \u017cyczliwes\u0142owa otuchy i&nbsp;wsparcia Pracownicy Katedry Herbologii i&nbsp;Technik Uprawy Ro\u015blinUniwersytetu Przyrodniczego w&nbsp;Lublinie<\/p>\n","protected":false},"author":2,"featured_media":154086,"comment_status":"closed","ping_status":"closed","sticky":false,"template":"elementor_header_footer","format":"standard","meta":{"_monsterinsights_skip_tracking":false,"_monsterinsights_sitenote_active":false,"_monsterinsights_sitenote_note":"","_monsterinsights_sitenote_category":0},"categories":[12],"tags":[],"_links":{"self":[{"href":"https:\/\/up.lublin.pl\/agrobio\/wp-json\/wp\/v2\/posts\/156771"}],"collection":[{"href":"https:\/\/up.lublin.pl\/agrobio\/wp-json\/wp\/v2\/posts"}],"about":[{"href":"https:\/\/up.lublin.pl\/agrobio\/wp-json\/wp\/v2\/types\/post"}],"author":[{"embeddable":true,"href":"https:\/\/up.lublin.pl\/agrobio\/wp-json\/wp\/v2\/users\/2"}],"replies":[{"embeddable":true,"href":"https:\/\/up.lublin.pl\/agrobio\/wp-json\/wp\/v2\/comments?post=156771"}],"version-history":[{"count":4,"href":"https:\/\/up.lublin.pl\/agrobio\/wp-json\/wp\/v2\/posts\/156771\/revisions"}],"predecessor-version":[{"id":156775,"href":"https:\/\/up.lublin.pl\/agrobio\/wp-json\/wp\/v2\/posts\/156771\/revisions\/156775"}],"wp:featuredmedia":[{"embeddable":true,"href":"https:\/\/up.lublin.pl\/agrobio\/wp-json\/wp\/v2\/media\/154086"}],"wp:attachment":[{"href":"https:\/\/up.lublin.pl\/agrobio\/wp-json\/wp\/v2\/media?parent=156771"}],"wp:term":[{"taxonomy":"category","embeddable":true,"href":"https:\/\/up.lublin.pl\/agrobio\/wp-json\/wp\/v2\/categories?post=156771"},{"taxonomy":"post_tag","embeddable":true,"href":"https:\/\/up.lublin.pl\/agrobio\/wp-json\/wp\/v2\/tags?post=156771"}],"curies":[{"name":"wp","href":"https:\/\/api.w.org\/{rel}","templated":true}]}}