{"id":156534,"date":"2024-05-20T09:45:03","date_gmt":"2024-05-20T07:45:03","guid":{"rendered":"https:\/\/up.lublin.pl\/agrobio\/?p=156534"},"modified":"2024-06-05T13:25:24","modified_gmt":"2024-06-05T11:25:24","slug":"kondolencje-dla-mgr-inz-elzbiety-kieliszek","status":"publish","type":"post","link":"https:\/\/up.lublin.pl\/agrobio\/kondolencje-dla-mgr-inz-elzbiety-kieliszek\/","title":{"rendered":"Kondolencje dla mgr in\u017c. El\u017cbiety Kieliszek"},"content":{"rendered":"\t\t<div data-elementor-type=\"wp-post\" data-elementor-id=\"156534\" class=\"elementor elementor-156534\" data-elementor-settings=\"[]\">\n\t\t\t\t\t\t<div class=\"elementor-inner\">\n\t\t\t\t\t\t\t<div class=\"elementor-section-wrap\">\n\t\t\t\t\t\t\t<section class=\"elementor-section elementor-top-section elementor-element elementor-element-9bb91f5 elementor-section-boxed elementor-section-height-default elementor-section-height-default\" data-id=\"9bb91f5\" data-element_type=\"section\">\n\t\t\t\t\t\t<div class=\"elementor-container elementor-column-gap-default\">\n\t\t\t\t\t\t\t<div class=\"elementor-row\">\n\t\t\t\t\t<div class=\"elementor-column elementor-col-100 elementor-top-column elementor-element elementor-element-b05e0f9\" data-id=\"b05e0f9\" data-element_type=\"column\">\n\t\t\t<div class=\"elementor-column-wrap elementor-element-populated\">\n\t\t\t\t\t\t\t<div class=\"elementor-widget-wrap\">\n\t\t\t\t\t\t<div class=\"elementor-element elementor-element-ebbb595 elementor-widget elementor-widget-m5c\" data-id=\"ebbb595\" data-element_type=\"widget\" data-widget_type=\"m5c.default\">\n\t\t\t\t<div class=\"elementor-widget-container\">\n\t\t\t<section class=\"mn-m5-c mn-m5-d2 mn-bg-white\">\n\t<div class=\"mn-grid\">\n\t\t\t\t<div class=\"mn-content mn-grid-9\">\n\t\t\t                <div class=\"mn-content-block active\">\n\t                                                        <div class=\"block-text\">\n\t                                        <p style=\"text-align: center;\"><a href=\"https:\/\/up.lublin.pl\/wp-content\/uploads\/2021\/05\/in_memoriam_tresc.jpg\"><img loading=\"lazy\" class=\"aligncenter wp-image-157842\" src=\"https:\/\/up.lublin.pl\/wp-content\/uploads\/2021\/05\/in_memoriam_tresc.jpg\" alt=\"czarna wst\u0105\u017cka \u017ca\u0142obna\" width=\"107\" height=\"107\" \/><\/a><br \/>Najszczersze wyrazy wsp\u00f3\u0142czucia<br \/>mgr in\u017c. El\u017cbiecie Kieliszek,<\/p>\n<h3 style=\"text-align: center;\"><em>z powodu \u015bmierci Mamy<\/em><\/h3>\n<p style=\"text-align: center;\"><em>sk\u0142adaj\u0105 JM Rektor, W\u0142adze Dzieka\u0144skie,<\/em><br \/><em>Pracownicy Uczelni oraz kole\u017canki i&nbsp;koledzy<\/em><br \/><em>z Instytutu Gleboznawstwa, In\u017cynierii i&nbsp;Kszta\u0142towania \u015arodowiska<\/em><\/p>\n                                        <\/div>\n\t\t\t\t\t\t                                <\/div>\n\t\t\t\t                <div class=\"mn-content-block\">\n\t                                <\/div>\n\t\t\t\t                <div class=\"mn-content-block\">\n\t                                <\/div>\n\t\t\t\t                <div class=\"mn-content-block\">\n\t                                <\/div>\n\t\t\t\t                <div class=\"mn-content-block\">\n\t                                <\/div>\n\t\t\t\t                <div class=\"mn-content-block\">\n\t                                <\/div>\n\t\t\t\t                <div class=\"mn-content-block\">\n\t                                <\/div>\n\t\t\t\t                <div class=\"mn-content-block\">\n\t                                <\/div>\n\t\t\t\t                <div class=\"mn-content-block\">\n\t                                <\/div>\n\t\t\t\t                <div class=\"mn-content-block\">\n\t                                <\/div>\n\t\t\t\t                <div class=\"mn-content-block\">\n\t                                <\/div>\n\t\t\t\t                <div class=\"mn-content-block\">\n\t                                <\/div>\n\t\t\t\t                <div class=\"mn-content-block\">\n\t                                <\/div>\n\t\t\t\t                <div class=\"mn-content-block\">\n\t                                <\/div>\n\t\t\t\t                <div class=\"mn-content-block\">\n\t                                <\/div>\n\t\t\t\t                <div class=\"mn-content-block\">\n\t                                <\/div>\n\t\t\t\t                <div class=\"mn-content-block\">\n\t                                <\/div>\n\t\t\t\t                <div class=\"mn-content-block\">\n\t                                <\/div>\n\t\t\t\t                <div class=\"mn-content-block\">\n\t                                <\/div>\n\t\t\t\t                <div class=\"mn-content-block\">\n\t                                <\/div>\n\t\t\t\t\t\t<\/div>\n\t<\/div>\n<\/section>\n\t\t<\/div>\n\t\t\t\t<\/div>\n\t\t\t\t\t\t<\/div>\n\t\t\t\t\t<\/div>\n\t\t<\/div>\n\t\t\t\t\t\t\t\t<\/div>\n\t\t\t\t\t<\/div>\n\t\t<\/section>\n\t\t\t\t\t\t<\/div>\n\t\t\t\t\t\t<\/div>\n\t\t\t\t\t<\/div>\n\t\t","protected":false},"excerpt":{"rendered":"<p>Najszczersze wyrazy wsp\u00f3\u0142czuciamgr in\u017c. El\u017cbiecie Kieliszek, z powodu \u015bmierci Mamy sk\u0142adaj\u0105 JM Rektor, W\u0142adze Dzieka\u0144skie,Pracownicy Uczelni oraz kole\u017canki i&nbsp;koledzyz Instytutu Gleboznawstwa, In\u017cynierii i&nbsp;Kszta\u0142towania \u015arodowiska<\/p>\n","protected":false},"author":2,"featured_media":154086,"comment_status":"closed","ping_status":"closed","sticky":false,"template":"elementor_header_footer","format":"standard","meta":{"_monsterinsights_skip_tracking":false,"_monsterinsights_sitenote_active":false,"_monsterinsights_sitenote_note":"","_monsterinsights_sitenote_category":0},"categories":[12],"tags":[],"_links":{"self":[{"href":"https:\/\/up.lublin.pl\/agrobio\/wp-json\/wp\/v2\/posts\/156534"}],"collection":[{"href":"https:\/\/up.lublin.pl\/agrobio\/wp-json\/wp\/v2\/posts"}],"about":[{"href":"https:\/\/up.lublin.pl\/agrobio\/wp-json\/wp\/v2\/types\/post"}],"author":[{"embeddable":true,"href":"https:\/\/up.lublin.pl\/agrobio\/wp-json\/wp\/v2\/users\/2"}],"replies":[{"embeddable":true,"href":"https:\/\/up.lublin.pl\/agrobio\/wp-json\/wp\/v2\/comments?post=156534"}],"version-history":[{"count":7,"href":"https:\/\/up.lublin.pl\/agrobio\/wp-json\/wp\/v2\/posts\/156534\/revisions"}],"predecessor-version":[{"id":156666,"href":"https:\/\/up.lublin.pl\/agrobio\/wp-json\/wp\/v2\/posts\/156534\/revisions\/156666"}],"wp:featuredmedia":[{"embeddable":true,"href":"https:\/\/up.lublin.pl\/agrobio\/wp-json\/wp\/v2\/media\/154086"}],"wp:attachment":[{"href":"https:\/\/up.lublin.pl\/agrobio\/wp-json\/wp\/v2\/media?parent=156534"}],"wp:term":[{"taxonomy":"category","embeddable":true,"href":"https:\/\/up.lublin.pl\/agrobio\/wp-json\/wp\/v2\/categories?post=156534"},{"taxonomy":"post_tag","embeddable":true,"href":"https:\/\/up.lublin.pl\/agrobio\/wp-json\/wp\/v2\/tags?post=156534"}],"curies":[{"name":"wp","href":"https:\/\/api.w.org\/{rel}","templated":true}]}}