{"id":156471,"date":"2024-05-16T11:17:29","date_gmt":"2024-05-16T09:17:29","guid":{"rendered":"https:\/\/up.lublin.pl\/agrobio\/?p=156471"},"modified":"2024-05-21T08:41:04","modified_gmt":"2024-05-21T06:41:04","slug":"spotkanie-z-firma-pzl-swidnik","status":"publish","type":"post","link":"https:\/\/up.lublin.pl\/agrobio\/spotkanie-z-firma-pzl-swidnik\/","title":{"rendered":"Biuro Karier zaprasza na spotkania z pracodawcami"},"content":{"rendered":"\t\t<div data-elementor-type=\"wp-post\" data-elementor-id=\"156471\" class=\"elementor elementor-156471\" data-elementor-settings=\"[]\">\n\t\t\t\t\t\t<div class=\"elementor-inner\">\n\t\t\t\t\t\t\t<div class=\"elementor-section-wrap\">\n\t\t\t\t\t\t\t<section class=\"elementor-section elementor-top-section elementor-element elementor-element-0f9546b elementor-section-boxed elementor-section-height-default elementor-section-height-default\" data-id=\"0f9546b\" data-element_type=\"section\">\n\t\t\t\t\t\t<div class=\"elementor-container elementor-column-gap-default\">\n\t\t\t\t\t\t\t<div class=\"elementor-row\">\n\t\t\t\t\t<div class=\"elementor-column elementor-col-100 elementor-top-column elementor-element elementor-element-42b61ab\" data-id=\"42b61ab\" data-element_type=\"column\">\n\t\t\t<div class=\"elementor-column-wrap elementor-element-populated\">\n\t\t\t\t\t\t\t<div class=\"elementor-widget-wrap\">\n\t\t\t\t\t\t<div class=\"elementor-element elementor-element-87bab99 elementor-widget elementor-widget-m5c\" data-id=\"87bab99\" data-element_type=\"widget\" data-widget_type=\"m5c.default\">\n\t\t\t\t<div class=\"elementor-widget-container\">\n\t\t\t<section class=\"mn-m5-c mn-m5-d2 mn-bg-white\">\n\t<div class=\"mn-grid\">\n\t\t\t\t<div class=\"mn-content mn-grid-9\">\n\t\t\t                <div class=\"mn-content-block active\">\n\t                                                        <div class=\"block-text\">\n\t                                        <p><img loading=\"lazy\" class=\"alignnone wp-image-154039\" src=\"https:\/\/up.lublin.pl\/agrobio\/wp-content\/uploads\/sites\/2\/2023\/10\/maly-LOGOTYP-LOGO-BIUR.jpg\" alt=\"Biuro Karier logotyp\" width=\"381\" height=\"121\" \/><\/p>\n<table style=\"width: 100%; height: 267px;\">\n<tbody>\n<tr style=\"height: 267px;\">\n<td style=\"width: 77.8908%; height: 267px;\">\n<p>Biuro Karier Uniwersytetu Przyrodniczego w&nbsp;Lublinie zaprasza na seri\u0119 spotka\u0144, kt\u00f3re pomog\u0105 przysz\u0142ym absolwentom naszego Uniwersytetu lepiej pozna\u0107 rynek pracy w&nbsp;kraju i&nbsp;za granic\u0105 oraz swobodniej si\u0119 po nim porusza\u0107. Pierwsze spotkania: ju\u017c 20 i&nbsp;21 maja 2024 r.<\/p>\n<p>Go\u015bci\u0107 b\u0119dziemy firmy: Stokrotka oraz PZL &#8211; \u015awidnik S.A.<\/p>\n<p>Linki do pe\u0142nych informacji:<\/p>\n<ul>\n<li><span style=\"text-decoration: underline;\"><strong><a href=\"https:\/\/bk.up.lublin.pl\/biuro-karier-zaprasza-na-spotkanie-z-firma-stokrotka\">Spotkanie z&nbsp;firm\u0105 STOKROTKA<\/a><\/strong><\/span><\/li>\n<li><span style=\"text-decoration: underline;\"><strong><a href=\"https:\/\/bk.up.lublin.pl\/biuro-karier-zaprasza-na-spotkanie-z-firma--pzl-swidnik-s.a.\">Spotkanie z&nbsp;firm\u0105 PZL \u015awidnik<\/a><\/strong><\/span><\/li>\n<\/ul>\n<\/td>\n<td style=\"width: 21.5291%; height: 267px;\">\n<p><img loading=\"lazy\" class=\"wp-image-156487 aligncenter\" src=\"https:\/\/up.lublin.pl\/agrobio\/wp-content\/uploads\/sites\/2\/2024\/05\/stokrotka.png\" alt=\"logo\" width=\"144\" height=\"105\" \/><\/p>\n<p><img loading=\"lazy\" class=\"wp-image-162127 aligncenter\" src=\"https:\/\/up.lublin.pl\/wip\/wp-content\/uploads\/sites\/7\/2024\/05\/LYOx6ETx_400x400.png\" alt=\"\" width=\"136\" height=\"136\" \/><\/p>\n<\/td>\n<\/tr>\n<\/tbody>\n<\/table>\n<p><strong><i>STUDENCIE<\/i><\/strong><\/p>\n<p><i>Regularnie,\u00a0klika razy w&nbsp;semestrze\u00a0zapraszamy dla Ciebie przedstawicieli pracodawc\u00f3w, kt\u00f3rzy przedstawi\u0105 dzia\u0142alno\u015b\u0107 swojej firmy oraz odpowiedz\u0105 na\u00a0nurtuj\u0105ce Ci\u0119 pytania.<\/i><\/p>\n<p><i>Taka interakcja b\u0119dzie dla Ciebie\u00a0doskona\u0142ym sposobem\u00a0na poznanie firm o&nbsp;r\u00f3\u017cnej wielko\u015bci i&nbsp;r\u00f3\u017cnych profilach dzia\u0142alno\u015bci. Dowiesz si\u0119 o\u00a0specyfice pracy\u00a0na okre\u015blonych stanowiskach,\u00a0wymaganiach\u00a0stawianych kandydatom, procesie\u00a0rekrutacji, mo\u017cliwo\u015bciach rozwoju osobistego oraz\u00a0\u015bcie\u017ckach kariery.<\/i><\/p>\n<p><i>Na spotkaniach uzyskasz informacje, kt\u00f3rych nie znajdziesz na stronach internetowych firmy czy te\u017c w&nbsp;jej broszurach informacyjnych. Pracodawc\u00f3w reprezentuj\u0105 osoby odpowiedzialne za HR, od kt\u00f3rych zale\u017cy rekrutacja pracownik\u00f3w. Mo\u017cecie porozmawia\u0107 o&nbsp;ofertach praktyk zawodowych, sta\u017cy lub pracy. Zatem nie zapomnij i&nbsp;we\u017a na spotkanie swoje CV.\u201d<\/i><\/p>\n                                        <\/div>\n\t\t\t\t\t\t                                <\/div>\n\t\t\t\t                <div class=\"mn-content-block\">\n\t                                <\/div>\n\t\t\t\t                <div class=\"mn-content-block\">\n\t                                <\/div>\n\t\t\t\t                <div class=\"mn-content-block\">\n\t                                <\/div>\n\t\t\t\t                <div class=\"mn-content-block\">\n\t                                <\/div>\n\t\t\t\t                <div class=\"mn-content-block\">\n\t                                <\/div>\n\t\t\t\t                <div class=\"mn-content-block\">\n\t                                <\/div>\n\t\t\t\t                <div class=\"mn-content-block\">\n\t                                <\/div>\n\t\t\t\t                <div class=\"mn-content-block\">\n\t                                <\/div>\n\t\t\t\t                <div class=\"mn-content-block\">\n\t                                <\/div>\n\t\t\t\t                <div class=\"mn-content-block\">\n\t                                <\/div>\n\t\t\t\t                <div class=\"mn-content-block\">\n\t                                <\/div>\n\t\t\t\t                <div class=\"mn-content-block\">\n\t                                <\/div>\n\t\t\t\t                <div class=\"mn-content-block\">\n\t                                <\/div>\n\t\t\t\t                <div class=\"mn-content-block\">\n\t                                <\/div>\n\t\t\t\t                <div class=\"mn-content-block\">\n\t                                <\/div>\n\t\t\t\t                <div class=\"mn-content-block\">\n\t                                <\/div>\n\t\t\t\t                <div class=\"mn-content-block\">\n\t                                <\/div>\n\t\t\t\t                <div class=\"mn-content-block\">\n\t                                <\/div>\n\t\t\t\t                <div class=\"mn-content-block\">\n\t                                <\/div>\n\t\t\t\t\t\t<\/div>\n\t<\/div>\n<\/section>\n\t\t<\/div>\n\t\t\t\t<\/div>\n\t\t\t\t\t\t<\/div>\n\t\t\t\t\t<\/div>\n\t\t<\/div>\n\t\t\t\t\t\t\t\t<\/div>\n\t\t\t\t\t<\/div>\n\t\t<\/section>\n\t\t\t\t\t\t<\/div>\n\t\t\t\t\t\t<\/div>\n\t\t\t\t\t<\/div>\n\t\t","protected":false},"excerpt":{"rendered":"<p>Biuro Karier Uniwersytetu Przyrodniczego w&nbsp;Lublinie zaprasza na seri\u0119 spotka\u0144, kt\u00f3re pomog\u0105 przysz\u0142ym absolwentom naszego Uniwersytetu lepiej pozna\u0107 rynek pracy w&nbsp;kraju i&nbsp;za granic\u0105 oraz swobodniej si\u0119 po nim porusza\u0107. Pierwsze spotkania: ju\u017c 20 i&nbsp;21 maja 2024 r. Go\u015bci\u0107 b\u0119dziemy firmy: Stokrotka oraz PZL &#8211; \u015awidnik S.A. Linki do pe\u0142nych informacji: Spotkanie z&nbsp;firm\u0105 STOKROTKA Spotkanie z&nbsp;firm\u0105 PZL [&hellip;]<\/p>\n","protected":false},"author":228,"featured_media":156472,"comment_status":"closed","ping_status":"closed","sticky":false,"template":"elementor_header_footer","format":"standard","meta":{"_monsterinsights_skip_tracking":false,"_monsterinsights_sitenote_active":false,"_monsterinsights_sitenote_note":"","_monsterinsights_sitenote_category":0},"categories":[12],"tags":[],"_links":{"self":[{"href":"https:\/\/up.lublin.pl\/agrobio\/wp-json\/wp\/v2\/posts\/156471"}],"collection":[{"href":"https:\/\/up.lublin.pl\/agrobio\/wp-json\/wp\/v2\/posts"}],"about":[{"href":"https:\/\/up.lublin.pl\/agrobio\/wp-json\/wp\/v2\/types\/post"}],"author":[{"embeddable":true,"href":"https:\/\/up.lublin.pl\/agrobio\/wp-json\/wp\/v2\/users\/228"}],"replies":[{"embeddable":true,"href":"https:\/\/up.lublin.pl\/agrobio\/wp-json\/wp\/v2\/comments?post=156471"}],"version-history":[{"count":26,"href":"https:\/\/up.lublin.pl\/agrobio\/wp-json\/wp\/v2\/posts\/156471\/revisions"}],"predecessor-version":[{"id":156549,"href":"https:\/\/up.lublin.pl\/agrobio\/wp-json\/wp\/v2\/posts\/156471\/revisions\/156549"}],"wp:featuredmedia":[{"embeddable":true,"href":"https:\/\/up.lublin.pl\/agrobio\/wp-json\/wp\/v2\/media\/156472"}],"wp:attachment":[{"href":"https:\/\/up.lublin.pl\/agrobio\/wp-json\/wp\/v2\/media?parent=156471"}],"wp:term":[{"taxonomy":"category","embeddable":true,"href":"https:\/\/up.lublin.pl\/agrobio\/wp-json\/wp\/v2\/categories?post=156471"},{"taxonomy":"post_tag","embeddable":true,"href":"https:\/\/up.lublin.pl\/agrobio\/wp-json\/wp\/v2\/tags?post=156471"}],"curies":[{"name":"wp","href":"https:\/\/api.w.org\/{rel}","templated":true}]}}