{"id":156209,"date":"2024-04-11T08:09:44","date_gmt":"2024-04-11T06:09:44","guid":{"rendered":"https:\/\/up.lublin.pl\/agrobio\/?p=156209"},"modified":"2024-04-11T08:30:50","modified_gmt":"2024-04-11T06:30:50","slug":"recenzja-monografii-anny-nowak-anety-jarosz-angowskiej-hanny-klikockiej-artura-krukowskiego-renaty-kubik-armanda-kasztelana-pt-potencjal-polskiego-rolnictwa-na-tle-krajow-ue-w-zakresie","status":"publish","type":"post","link":"https:\/\/up.lublin.pl\/agrobio\/recenzja-monografii-anny-nowak-anety-jarosz-angowskiej-hanny-klikockiej-artura-krukowskiego-renaty-kubik-armanda-kasztelana-pt-potencjal-polskiego-rolnictwa-na-tle-krajow-ue-w-zakresie\/","title":{"rendered":"Recenzja monografii Anny Nowak, Anety Jarosz-Angowskiej, Hanny Klikockiej, Artura Krukowskiego, Renaty Kubik, Armanda Kasztelana pt. \u201ePotencja\u0142 polskiego rolnictwa na tle kraj\u00f3w UE w zakresie zapewnienia bezpiecze\u0144stwa \u017cywno\u015bciowego i energetycznego\u201d"},"content":{"rendered":"\t\t<div data-elementor-type=\"wp-post\" data-elementor-id=\"156209\" class=\"elementor elementor-156209\" data-elementor-settings=\"[]\">\n\t\t\t\t\t\t<div class=\"elementor-inner\">\n\t\t\t\t\t\t\t<div class=\"elementor-section-wrap\">\n\t\t\t\t\t\t\t<section class=\"elementor-section elementor-top-section elementor-element elementor-element-deb2427 elementor-section-boxed elementor-section-height-default elementor-section-height-default\" data-id=\"deb2427\" data-element_type=\"section\">\n\t\t\t\t\t\t<div class=\"elementor-container elementor-column-gap-default\">\n\t\t\t\t\t\t\t<div class=\"elementor-row\">\n\t\t\t\t\t<div class=\"elementor-column elementor-col-100 elementor-top-column elementor-element elementor-element-2da84bf\" data-id=\"2da84bf\" data-element_type=\"column\">\n\t\t\t<div class=\"elementor-column-wrap elementor-element-populated\">\n\t\t\t\t\t\t\t<div class=\"elementor-widget-wrap\">\n\t\t\t\t\t\t<div class=\"elementor-element elementor-element-b71a008 elementor-widget elementor-widget-m5c\" data-id=\"b71a008\" data-element_type=\"widget\" data-widget_type=\"m5c.default\">\n\t\t\t\t<div class=\"elementor-widget-container\">\n\t\t\t<section class=\"mn-m5-c mn-m5-d2 mn-bg-white\">\n\t<div class=\"mn-grid\">\n\t\t\t\t<div class=\"mn-content mn-grid-9\">\n\t\t\t                <div class=\"mn-content-block active\">\n\t                                                        <div class=\"block-text\">\n\t                                        <h2>Recenzja monografii Anny Nowak, Anety Jarosz-Angowskiej, Hanny Klikockiej, Artura Krukowskiego, Renaty Kubik, Armanda Kasztelana pt. \u201ePotencja\u0142 polskiego rolnictwa na tle kraj\u00f3w UE w&nbsp;zakresie zapewnienia bezpiecze\u0144stwa \u017cywno\u015bciowego i&nbsp;energetycznego\u201d<\/h2>\n<p>Mi\u0142o nam poinformowa\u0107, \u017ce w&nbsp;najnowszym numerze <strong>Economic and Regional Studies <\/strong>ukaza\u0142a si\u0119 recenzja monografii pracownik\u00f3w Katedry Ekonomii i&nbsp;Agrobiznesu pt. \u201e<strong>Potencja\u0142 polskiego rolnictwa na tle kraj\u00f3w UE w&nbsp;zakresie zapewnienia bezpiecze\u0144stwa \u017cywno\u015bciowego i&nbsp;energetycznego<\/strong>\u201d, Instytut Naukowo-Wydawniczy \u201eSpatium\u201d sp. z&nbsp;o.o., Radom 2023.<\/p>\n<p><a href=\"https:\/\/up.lublin.pl\/agrobio\/wp-content\/uploads\/sites\/2\/2024\/04\/monografia-potencjalrolnictwo.jpg\"><img loading=\"lazy\" class=\"aligncenter size-full wp-image-156215\" src=\"https:\/\/up.lublin.pl\/agrobio\/wp-content\/uploads\/sites\/2\/2024\/04\/monografia-potencjalrolnictwo.jpg\" alt=\"\" width=\"464\" height=\"660\" \/><\/a><\/p>\n<p>Zosta\u0142a ona opracowana przez Prof. dr hab. Stanis\u0142awa Krasowicza z&nbsp;IUNG-PIB w&nbsp;Pu\u0142awach. Czytamy w&nbsp;niej m.in. \u201e<em>Wyb\u00f3r tematu monografii i&nbsp;jej zakres merytoryczny oceniam pozytywnie. Przes\u0142ankami takiej opinii, jest znaczenie analizowanej tematyki, jej z\u0142o\u017cono\u015b\u0107 oraz mo\u017cliwo\u015b\u0107 wykorzystania wynik\u00f3w bada\u0144 i&nbsp;analiz omawianych w&nbsp;opracowaniu, przez r\u00f3\u017cne grupy zainteresowanych odbiorc\u00f3w, reprezentuj\u0105cych nauk\u0119, doradztwo, praktyk\u0119 gospodarcz\u0105<\/em>\u201d, a&nbsp;tak\u017ce \u201e<em>Jej opracowanie uwa\u017cam za dzia\u0142anie niezwykle ambitne, a&nbsp;jednocze\u015bnie bardzo potrzebne i&nbsp;przydatne dla szerokiego, zr\u00f3\u017cnicowanego grona odbiorc\u00f3w<\/em>\u201d.<\/p>\n<p>Zach\u0119camy do lektury monografii oraz do zapoznania si\u0119 z&nbsp;recenzj\u0105, kt\u00f3ra znajduje si\u0119 na <a href=\"http:\/\/www.ers.edu.pl\/RECENZJA-MONOGRAFII-ANNY-NOWAK-ANETY-JAROSZ-ANGOWSKIEJ-nHANNY-KLIKOCKIEJ-ARTURA-KRUKOWSKIEGO,186610,0,2.html\">stronie Economic and Regional Studies, 2024, 17(1), 181-18<\/a>.<\/p>\n                                        <\/div>\n\t\t\t\t\t\t                                <\/div>\n\t\t\t\t                <div class=\"mn-content-block\">\n\t                                <\/div>\n\t\t\t\t                <div class=\"mn-content-block\">\n\t                                <\/div>\n\t\t\t\t                <div class=\"mn-content-block\">\n\t                                <\/div>\n\t\t\t\t                <div class=\"mn-content-block\">\n\t                                <\/div>\n\t\t\t\t                <div class=\"mn-content-block\">\n\t                                <\/div>\n\t\t\t\t                <div class=\"mn-content-block\">\n\t                                <\/div>\n\t\t\t\t                <div class=\"mn-content-block\">\n\t                                <\/div>\n\t\t\t\t                <div class=\"mn-content-block\">\n\t                                <\/div>\n\t\t\t\t                <div class=\"mn-content-block\">\n\t                                <\/div>\n\t\t\t\t                <div class=\"mn-content-block\">\n\t                                <\/div>\n\t\t\t\t                <div class=\"mn-content-block\">\n\t                                <\/div>\n\t\t\t\t                <div class=\"mn-content-block\">\n\t                                <\/div>\n\t\t\t\t                <div class=\"mn-content-block\">\n\t                                <\/div>\n\t\t\t\t                <div class=\"mn-content-block\">\n\t                                <\/div>\n\t\t\t\t                <div class=\"mn-content-block\">\n\t                                <\/div>\n\t\t\t\t                <div class=\"mn-content-block\">\n\t                                <\/div>\n\t\t\t\t                <div class=\"mn-content-block\">\n\t                                <\/div>\n\t\t\t\t                <div class=\"mn-content-block\">\n\t                                <\/div>\n\t\t\t\t                <div class=\"mn-content-block\">\n\t                                <\/div>\n\t\t\t\t\t\t<\/div>\n\t<\/div>\n<\/section>\n\t\t<\/div>\n\t\t\t\t<\/div>\n\t\t\t\t\t\t<\/div>\n\t\t\t\t\t<\/div>\n\t\t<\/div>\n\t\t\t\t\t\t\t\t<\/div>\n\t\t\t\t\t<\/div>\n\t\t<\/section>\n\t\t\t\t\t\t<\/div>\n\t\t\t\t\t\t<\/div>\n\t\t\t\t\t<\/div>\n\t\t","protected":false},"excerpt":{"rendered":"<p>Recenzja monografii Anny Nowak, Anety Jarosz-Angowskiej, Hanny Klikockiej, Artura Krukowskiego, Renaty Kubik, Armanda Kasztelana pt. \u201ePotencja\u0142 polskiego rolnictwa na tle kraj\u00f3w UE w&nbsp;zakresie zapewnienia bezpiecze\u0144stwa \u017cywno\u015bciowego i&nbsp;energetycznego\u201d Mi\u0142o nam poinformowa\u0107, \u017ce w&nbsp;najnowszym numerze Economic and Regional Studies ukaza\u0142a si\u0119 recenzja monografii pracownik\u00f3w Katedry Ekonomii i&nbsp;Agrobiznesu pt. \u201ePotencja\u0142 polskiego rolnictwa na tle kraj\u00f3w UE w&nbsp;zakresie zapewnienia [&hellip;]<\/p>\n","protected":false},"author":2,"featured_media":156210,"comment_status":"closed","ping_status":"closed","sticky":false,"template":"elementor_header_footer","format":"standard","meta":{"_monsterinsights_skip_tracking":false,"_monsterinsights_sitenote_active":false,"_monsterinsights_sitenote_note":"","_monsterinsights_sitenote_category":0},"categories":[12],"tags":[],"_links":{"self":[{"href":"https:\/\/up.lublin.pl\/agrobio\/wp-json\/wp\/v2\/posts\/156209"}],"collection":[{"href":"https:\/\/up.lublin.pl\/agrobio\/wp-json\/wp\/v2\/posts"}],"about":[{"href":"https:\/\/up.lublin.pl\/agrobio\/wp-json\/wp\/v2\/types\/post"}],"author":[{"embeddable":true,"href":"https:\/\/up.lublin.pl\/agrobio\/wp-json\/wp\/v2\/users\/2"}],"replies":[{"embeddable":true,"href":"https:\/\/up.lublin.pl\/agrobio\/wp-json\/wp\/v2\/comments?post=156209"}],"version-history":[{"count":4,"href":"https:\/\/up.lublin.pl\/agrobio\/wp-json\/wp\/v2\/posts\/156209\/revisions"}],"predecessor-version":[{"id":156221,"href":"https:\/\/up.lublin.pl\/agrobio\/wp-json\/wp\/v2\/posts\/156209\/revisions\/156221"}],"wp:featuredmedia":[{"embeddable":true,"href":"https:\/\/up.lublin.pl\/agrobio\/wp-json\/wp\/v2\/media\/156210"}],"wp:attachment":[{"href":"https:\/\/up.lublin.pl\/agrobio\/wp-json\/wp\/v2\/media?parent=156209"}],"wp:term":[{"taxonomy":"category","embeddable":true,"href":"https:\/\/up.lublin.pl\/agrobio\/wp-json\/wp\/v2\/categories?post=156209"},{"taxonomy":"post_tag","embeddable":true,"href":"https:\/\/up.lublin.pl\/agrobio\/wp-json\/wp\/v2\/tags?post=156209"}],"curies":[{"name":"wp","href":"https:\/\/api.w.org\/{rel}","templated":true}]}}