{"id":155931,"date":"2024-03-14T08:58:35","date_gmt":"2024-03-14T07:58:35","guid":{"rendered":"https:\/\/up.lublin.pl\/agrobio\/?p=155931"},"modified":"2024-04-04T13:01:30","modified_gmt":"2024-04-04T11:01:30","slug":"zimowa-szkola-lesna-dr-hab-marian-flis-profesor-uczelni-prezentowal-sprawy-lowieckie-na-forum-lesnym","status":"publish","type":"post","link":"https:\/\/up.lublin.pl\/agrobio\/zimowa-szkola-lesna-dr-hab-marian-flis-profesor-uczelni-prezentowal-sprawy-lowieckie-na-forum-lesnym\/","title":{"rendered":"Zimowa Szko\u0142a Le\u015bna &#8211; dr hab. Marian Flis, profesor uczelni prezentowa\u0142 sprawy \u0142owieckie na forum le\u015bnym"},"content":{"rendered":"<p style=\"text-align: justify;\">W dniach 12-14 marca 2024 roku w Instytucie Badawczym Le\u015bnictwa w S\u0119kocinie Starym odby\u0142a si\u0119 XIV Sesja Zimowej Szko\u0142y Le\u015bnej. Na tych cyklicznych spotkaniach poruszane s\u0105 kwestie funkcjonowania las\u00f3w i le\u015bnictwa jako ca\u0142o\u015bci, w tym Administracji Las\u00f3w Pa\u0144stwowych i o\u015brodk\u00f3w naukowych powi\u0105zanych bezpo\u015brednio lub po\u015brednio z le\u015bnictwem. W tym roku temat wiod\u0105cy nakre\u015blono jako: <strong>Osi\u0105gniecia le\u015bnictwa Polskiego w \u015bwietle rozwoju nauk le\u015bnych<\/strong>. Niemal trzydniowe prezentowanie referat\u00f3w i dyskusje panelowe dostarczy\u0142y wielu cennych informacji o aktualnym stanie i kierunkach na przysz\u0142o\u015b\u0107. W pierwszym dniu sw\u00f3j referat zatytu\u0142owany: <strong><em>Gospodarowanie populacjami zwierzyny we wsp\u00f3\u0142pracy Las\u00f3w Pa\u0144stwowych i Polskiego Zwi\u0105zku \u0141owieckiego, <\/em><\/strong>wyg\u0142osi\u0142 dr hab. Marian Flis, profesor uczelni, kierownik Zaka\u0142u Gospodarki \u0141owieckiej z Katedry Etologii Zwierz\u0105t i \u0141owiectwa na Wydziale Nauk o Zwierz\u0119tach i Biogospodarki. Referat ten zosta\u0142 niejako \u201ezam\u00f3wiony\u201d przez organizator\u00f3w tegorocznej sesji. Zaproszenie i obecno\u015b\u0107 naszego naukowca na spotkaniu le\u015bnik\u00f3w z ca\u0142ego kraju \u015bwiadczy o pozytywnym postrzeganiu Uczelni, kszta\u0142c\u0105cej m.in. le\u015bnik\u00f3w, gdzie gro zaj\u0119\u0107 z zakresu funkcjonowania populacji zwierz\u0105t dzikich i \u0142owiectwa prowadzi Pan prof. Marian Flis.<\/p>\n<p>&nbsp;<\/p>\n<p><img loading=\"lazy\" class=\"alignnone wp-image-155932\" src=\"https:\/\/up.lublin.pl\/agrobio\/wp-content\/uploads\/sites\/2\/2024\/03\/Zimowa-szkola-lesna-01.jpg\" alt=\"\" width=\"720\" height=\"499\" \/><\/p>\n<p><img loading=\"lazy\" class=\"alignnone wp-image-155936\" src=\"https:\/\/up.lublin.pl\/agrobio\/wp-content\/uploads\/sites\/2\/2024\/03\/Zimowa-szkola-lesna-02.jpg\" alt=\"\" width=\"720\" height=\"406\" \/><\/p>\n<p><img loading=\"lazy\" class=\"alignnone wp-image-155940\" src=\"https:\/\/up.lublin.pl\/agrobio\/wp-content\/uploads\/sites\/2\/2024\/03\/Zimowa-szkola-lesna-03.jpg\" alt=\"\" width=\"720\" height=\"493\" \/><\/p>\n<p><img loading=\"lazy\" class=\"alignnone wp-image-155944\" src=\"https:\/\/up.lublin.pl\/agrobio\/wp-content\/uploads\/sites\/2\/2024\/03\/Zimowa-szkola-lesna-04.jpg\" alt=\"\" width=\"720\" height=\"809\" \/><\/p>\n","protected":false},"excerpt":{"rendered":"<p>W dniach 12-14 marca 2024 roku w Instytucie Badawczym Le\u015bnictwa w S\u0119kocinie Starym odby\u0142a si\u0119 XIV Sesja Zimowej Szko\u0142y Le\u015bnej. Na tych cyklicznych spotkaniach poruszane s\u0105 kwestie funkcjonowania las\u00f3w i le\u015bnictwa jako ca\u0142o\u015bci, w tym Administracji Las\u00f3w Pa\u0144stwowych i o\u015brodk\u00f3w naukowych powi\u0105zanych bezpo\u015brednio lub po\u015brednio z le\u015bnictwem. W tym roku temat wiod\u0105cy nakre\u015blono jako: Osi\u0105gniecia [&hellip;]<\/p>\n","protected":false},"author":207,"featured_media":154245,"comment_status":"closed","ping_status":"closed","sticky":false,"template":"","format":"standard","meta":{"_monsterinsights_skip_tracking":false,"_monsterinsights_sitenote_active":false,"_monsterinsights_sitenote_note":"","_monsterinsights_sitenote_category":0},"categories":[12],"tags":[],"_links":{"self":[{"href":"https:\/\/up.lublin.pl\/agrobio\/wp-json\/wp\/v2\/posts\/155931"}],"collection":[{"href":"https:\/\/up.lublin.pl\/agrobio\/wp-json\/wp\/v2\/posts"}],"about":[{"href":"https:\/\/up.lublin.pl\/agrobio\/wp-json\/wp\/v2\/types\/post"}],"author":[{"embeddable":true,"href":"https:\/\/up.lublin.pl\/agrobio\/wp-json\/wp\/v2\/users\/207"}],"replies":[{"embeddable":true,"href":"https:\/\/up.lublin.pl\/agrobio\/wp-json\/wp\/v2\/comments?post=155931"}],"version-history":[{"count":4,"href":"https:\/\/up.lublin.pl\/agrobio\/wp-json\/wp\/v2\/posts\/155931\/revisions"}],"predecessor-version":[{"id":156177,"href":"https:\/\/up.lublin.pl\/agrobio\/wp-json\/wp\/v2\/posts\/155931\/revisions\/156177"}],"wp:featuredmedia":[{"embeddable":true,"href":"https:\/\/up.lublin.pl\/agrobio\/wp-json\/wp\/v2\/media\/154245"}],"wp:attachment":[{"href":"https:\/\/up.lublin.pl\/agrobio\/wp-json\/wp\/v2\/media?parent=155931"}],"wp:term":[{"taxonomy":"category","embeddable":true,"href":"https:\/\/up.lublin.pl\/agrobio\/wp-json\/wp\/v2\/categories?post=155931"},{"taxonomy":"post_tag","embeddable":true,"href":"https:\/\/up.lublin.pl\/agrobio\/wp-json\/wp\/v2\/tags?post=155931"}],"curies":[{"name":"wp","href":"https:\/\/api.w.org\/{rel}","templated":true}]}}