{"id":155675,"date":"2024-03-05T08:07:44","date_gmt":"2024-03-05T07:07:44","guid":{"rendered":"https:\/\/up.lublin.pl\/agrobio\/?p=155675"},"modified":"2024-07-23T10:22:32","modified_gmt":"2024-07-23T08:22:32","slug":"uczelniane-biuro-karier-zaprasza-do-udzialu-w-bezplatnym-szkoleniu","status":"publish","type":"post","link":"https:\/\/up.lublin.pl\/agrobio\/uczelniane-biuro-karier-zaprasza-do-udzialu-w-bezplatnym-szkoleniu\/","title":{"rendered":"Uczelniane Biuro Karier zaprasza do udzia\u0142u w bezp\u0142atnym szkoleniu"},"content":{"rendered":"<div><span style=\"font-size: medium;\"><i><b>&#8220;<\/b><\/i>Biuro Karier UP w Lublinie zach\u0119ca do wzi\u0119cia udzia\u0142u w bezp\u0142atnym szkoleniu:\u00a0Zdob\u0105d\u017a Kompetencje Przysz\u0142o\u015bci z EIT Food!<\/span><\/div>\n<div><span style=\"font-size: medium;\"><strong>Ju\u017c\u00a019 i 21 marca (wtorek i czwartek) w godzinach 17:00 &#8211; 20:00<\/strong> odb\u0119d\u0105\u00a0si\u0119 wyj\u0105tkowe warsztaty online &#8220;Zdob\u0105d\u017a kompetencje przysz\u0142o\u015bci z EIT Food&#8221;, organizowane przez EIT Food we wsp\u00f3\u0142pracy ze Studio Potencja\u0142u.\u00a0<\/span><\/div>\n<div><span style=\"font-size: medium;\">EIT Food jest wspierany przez Europejski Instytut Innowacji i Technologii (EIT), organ Unii Europejskiej.\u00a0<\/span><\/div>\n<div><span id=\"ext-gen1413\" style=\"font-size: medium;\">To niepowtarzalna okazja, aby rozwin\u0105\u0107 kluczowe umiej\u0119tno\u015bci niezb\u0119dne w dynamicznie zmieniaj\u0105cym si\u0119 \u015bwiecie &#8211; ze szczeg\u00f3lnym uwzgl\u0119dnieniem przysz\u0142o\u015bciowych \u015brodowisk pracy.<\/span><\/div>\n<div><\/div>\n<div>\n<p><span style=\"font-size: medium;\">Cykl przewiduje dwa 3-godzinne spotkania online. Ka\u017cde spotkanie to inny blok tematyczny. Za pomoc\u0105 interaktywnych spotka\u0144 online studenci przenios\u0105 si\u0119 do wirtualnej sali szkoleniowej, gdzie b\u0119d\u0105 mieli okazj\u0119 pozna\u0107 kluczowe umiej\u0119tno\u015bci mi\u0119kkie. Czekaj\u0105 na nich \u0107wiczenia i dyskusje, b\u0119d\u0105ce symulacj\u0105 wyzwa\u0144 stoj\u0105cych przed liderami.<\/span><\/p>\n<div>\n<p class=\"mcntmcntparagraph\"><span style=\"font-size: medium;\"><span class=\"mcntmcntnormaltextrun\">Warsztaty s\u0105 dedykowane zar\u00f3wno dla <u>student\u00f3w studi\u00f3w magisterskich<\/u>, <u>jak i doktoranckich<\/u>, kt\u00f3rzy chc\u0105 rozwin\u0105\u0107 swoje kompetencje w obszarach:<\/span><span class=\"mcntmcntnormaltextrun\"> krytycznego my\u015blenia<\/span><span class=\"mcntmcntnormaltextrun\">, <\/span><span class=\"mcntmcntnormaltextrun\">rozwi\u0105zywania problem\u00f3w, komunikacji<\/span><span class=\"mcntmcntnormaltextrun\">, <\/span><span class=\"mcntmcntnormaltextrun\">przyw\u00f3dztwa.<\/span><\/span><\/p>\n<p>&nbsp;<\/p>\n<p class=\"mcntmcntparagraph\"><span class=\"mcntmcntnormaltextrun\"><span style=\"font-size: medium;\">Zapraszamy w szczeg\u00f3lno\u015bci student\u00f3w kierunk\u00f3w rolniczych, \u017cywieniowych, technologicznych i wszystkich innych zwi\u0105zanych z sektorem rolno spo\u017cywczym. Uczestnictwo otworzy szerokie perspektywy rozwoju osobistego i zawodowego, umo\u017cliwiaj\u0105c zdobywanie wiedzy i umiej\u0119tno\u015bci, kt\u00f3re s\u0105 coraz cenniejsze w przysz\u0142o\u015bciowych \u015brodowiskach pracy, zw\u0142aszcza sektora rolno spo\u017cywczego.<\/span><\/span><\/p>\n<p class=\"mcntmcntparagraph\"><span style=\"font-size: medium;\">Udzia\u0142 w warsztatach jest bezp\u0142atny. <\/span><\/p>\n<\/div>\n<div><strong><span style=\"font-size: medium;\">Wi\u0119cej informacji o szkoleniu\u00a0 na stronie Biura Karier &#8211;<\/span><a title=\"https:\/\/bk.up.lublin.pl\/zdobadz-kompetencje-przyszlosci-z-eit-food\" href=\"https:\/\/bk.up.lublin.pl\/zdobadz-kompetencje-przyszlosci-z-eit-food\" target=\"_blank\" rel=\"noopener\"> TUTAJ<\/a><\/strong><span style=\"font-size: medium;\">\u00a0<\/span><span style=\"font-size: large;\">&#8220;<\/span><\/div>\n<div><span style=\"color: #00607f; font-family: Courier New; font-size: small;\">\u00a0<\/span><\/div>\n<div><\/div>\n<\/div>\n","protected":false},"excerpt":{"rendered":"<p>&#8220;Biuro Karier UP w Lublinie zach\u0119ca do wzi\u0119cia udzia\u0142u w bezp\u0142atnym szkoleniu:\u00a0Zdob\u0105d\u017a Kompetencje Przysz\u0142o\u015bci z EIT Food! Ju\u017c\u00a019 i 21 marca (wtorek i czwartek) w godzinach 17:00 &#8211; 20:00 odb\u0119d\u0105\u00a0si\u0119 wyj\u0105tkowe warsztaty online &#8220;Zdob\u0105d\u017a kompetencje przysz\u0142o\u015bci z EIT Food&#8221;, organizowane przez EIT Food we wsp\u00f3\u0142pracy ze Studio Potencja\u0142u.\u00a0 EIT Food jest wspierany przez Europejski Instytut [&hellip;]<\/p>\n","protected":false},"author":214,"featured_media":154245,"comment_status":"closed","ping_status":"closed","sticky":false,"template":"elementor_header_footer","format":"standard","meta":{"_monsterinsights_skip_tracking":false,"_monsterinsights_sitenote_active":false,"_monsterinsights_sitenote_note":"","_monsterinsights_sitenote_category":0},"categories":[12],"tags":[],"_links":{"self":[{"href":"https:\/\/up.lublin.pl\/agrobio\/wp-json\/wp\/v2\/posts\/155675"}],"collection":[{"href":"https:\/\/up.lublin.pl\/agrobio\/wp-json\/wp\/v2\/posts"}],"about":[{"href":"https:\/\/up.lublin.pl\/agrobio\/wp-json\/wp\/v2\/types\/post"}],"author":[{"embeddable":true,"href":"https:\/\/up.lublin.pl\/agrobio\/wp-json\/wp\/v2\/users\/214"}],"replies":[{"embeddable":true,"href":"https:\/\/up.lublin.pl\/agrobio\/wp-json\/wp\/v2\/comments?post=155675"}],"version-history":[{"count":4,"href":"https:\/\/up.lublin.pl\/agrobio\/wp-json\/wp\/v2\/posts\/155675\/revisions"}],"predecessor-version":[{"id":156997,"href":"https:\/\/up.lublin.pl\/agrobio\/wp-json\/wp\/v2\/posts\/155675\/revisions\/156997"}],"wp:featuredmedia":[{"embeddable":true,"href":"https:\/\/up.lublin.pl\/agrobio\/wp-json\/wp\/v2\/media\/154245"}],"wp:attachment":[{"href":"https:\/\/up.lublin.pl\/agrobio\/wp-json\/wp\/v2\/media?parent=155675"}],"wp:term":[{"taxonomy":"category","embeddable":true,"href":"https:\/\/up.lublin.pl\/agrobio\/wp-json\/wp\/v2\/categories?post=155675"},{"taxonomy":"post_tag","embeddable":true,"href":"https:\/\/up.lublin.pl\/agrobio\/wp-json\/wp\/v2\/tags?post=155675"}],"curies":[{"name":"wp","href":"https:\/\/api.w.org\/{rel}","templated":true}]}}