{"id":154679,"date":"2024-01-30T08:00:53","date_gmt":"2024-01-30T07:00:53","guid":{"rendered":"https:\/\/up.lublin.pl\/agrobio\/?p=154679"},"modified":"2024-01-30T08:01:02","modified_gmt":"2024-01-30T07:01:02","slug":"zmarl-dr-inz-kazimierz-gregorczyk","status":"publish","type":"post","link":"https:\/\/up.lublin.pl\/agrobio\/zmarl-dr-inz-kazimierz-gregorczyk\/","title":{"rendered":"Zmar\u0142 dr in\u017c. Kazimierz Gregorczyk"},"content":{"rendered":"\t\t<div data-elementor-type=\"wp-post\" data-elementor-id=\"154679\" class=\"elementor elementor-154679\" data-elementor-settings=\"[]\">\n\t\t\t\t\t\t<div class=\"elementor-inner\">\n\t\t\t\t\t\t\t<div class=\"elementor-section-wrap\">\n\t\t\t\t\t\t\t<section class=\"elementor-section elementor-top-section elementor-element elementor-element-1854b8d elementor-section-boxed elementor-section-height-default elementor-section-height-default\" data-id=\"1854b8d\" data-element_type=\"section\">\n\t\t\t\t\t\t<div class=\"elementor-container elementor-column-gap-default\">\n\t\t\t\t\t\t\t<div class=\"elementor-row\">\n\t\t\t\t\t<div class=\"elementor-column elementor-col-100 elementor-top-column elementor-element elementor-element-6bec852\" data-id=\"6bec852\" data-element_type=\"column\">\n\t\t\t<div class=\"elementor-column-wrap elementor-element-populated\">\n\t\t\t\t\t\t\t<div class=\"elementor-widget-wrap\">\n\t\t\t\t\t\t<div class=\"elementor-element elementor-element-de3857f elementor-widget elementor-widget-m5c\" data-id=\"de3857f\" data-element_type=\"widget\" data-widget_type=\"m5c.default\">\n\t\t\t\t<div class=\"elementor-widget-container\">\n\t\t\t<section class=\"mn-m5-c mn-m5-d2 mn-bg-white\">\n\t<div class=\"mn-grid\">\n\t\t\t\t<div class=\"mn-content mn-grid-9\">\n\t\t\t                <div class=\"mn-content-block active\">\n\t                                                        <div class=\"block-text\">\n\t                                        <p><a href=\"https:\/\/up.lublin.pl\/wp-content\/uploads\/2021\/05\/in_memoriam_tresc.jpg\"><img loading=\"lazy\" class=\"aligncenter  wp-image-157842\" src=\"https:\/\/up.lublin.pl\/wp-content\/uploads\/2021\/05\/in_memoriam_tresc.jpg\" alt=\"czarna wst\u0105\u017cka \u017ca\u0142obna\" width=\"103\" height=\"103\" \/><\/a><\/p>\n<p style=\"text-align: center;\">Z g\u0142\u0119bokim \u017calem zawiadamiamy, \u017ce <br \/>27 stycznia 2024 r. w&nbsp;wieku 69 lat zmar\u0142<\/p>\n<p style=\"text-align: center;\">\u015aP.<\/p>\n<h3 style=\"text-align: center;\"><strong>dr in\u017c. Kazimierz Gregorczyk<\/strong><\/h3>\n<p style=\"text-align: center;\">wieloletni pracownik Katedry Herbologii i&nbsp;Technik Uprawy Ro\u015blin Wydzia\u0142u Agrobioin\u017cynierii oraz kierownik Gospodarstwa Do\u015bwiadczalnego w&nbsp;Czes\u0142awicach nale\u017c\u0105cego do Uniwersytetu Przyrodniczego w&nbsp;Lublinie<\/p>\n<p style=\"text-align: center;\">Uroczysto\u015bci pogrzebowe odb\u0119d\u0105 si\u0119 na cmentarzu przy ul. Unickiej<br \/>1 lutego 2024 r. o\u00a0godz. 10:00<\/p>\n<p style=\"text-align: center;\"><a href=\"https:\/\/up.lublin.pl\/wp-content\/uploads\/2023\/06\/decorative_lines_green.png\"><img loading=\"lazy\" class=\"aligncenter wp-image-350644\" src=\"https:\/\/up.lublin.pl\/wp-content\/uploads\/2023\/06\/decorative_lines_green.png\" alt=\"\" width=\"120\" height=\"11\" \/><\/a><\/p>\n<p style=\"text-align: center;\">Rodzinie i&nbsp;Przyjacio\u0142om Zmar\u0142ego sk\u0142adamy wyrazy g\u0142\u0119bokiego wsp\u00f3\u0142czucia.<br \/>Spo\u0142eczno\u015b\u0107 akademicka Uniwersytetu Przyrodniczego w&nbsp;Lublinie<\/p>\n                                        <\/div>\n\t\t\t\t\t\t                                <\/div>\n\t\t\t\t                <div class=\"mn-content-block\">\n\t                                <\/div>\n\t\t\t\t                <div class=\"mn-content-block\">\n\t                                <\/div>\n\t\t\t\t                <div class=\"mn-content-block\">\n\t                                <\/div>\n\t\t\t\t                <div class=\"mn-content-block\">\n\t                                <\/div>\n\t\t\t\t                <div class=\"mn-content-block\">\n\t                                <\/div>\n\t\t\t\t                <div class=\"mn-content-block\">\n\t                                <\/div>\n\t\t\t\t                <div class=\"mn-content-block\">\n\t                                <\/div>\n\t\t\t\t                <div class=\"mn-content-block\">\n\t                                <\/div>\n\t\t\t\t                <div class=\"mn-content-block\">\n\t                                <\/div>\n\t\t\t\t                <div class=\"mn-content-block\">\n\t                                <\/div>\n\t\t\t\t                <div class=\"mn-content-block\">\n\t                                <\/div>\n\t\t\t\t                <div class=\"mn-content-block\">\n\t                                <\/div>\n\t\t\t\t                <div class=\"mn-content-block\">\n\t                                <\/div>\n\t\t\t\t                <div class=\"mn-content-block\">\n\t                                <\/div>\n\t\t\t\t                <div class=\"mn-content-block\">\n\t                                <\/div>\n\t\t\t\t                <div class=\"mn-content-block\">\n\t                                <\/div>\n\t\t\t\t                <div class=\"mn-content-block\">\n\t                                <\/div>\n\t\t\t\t                <div class=\"mn-content-block\">\n\t                                <\/div>\n\t\t\t\t                <div class=\"mn-content-block\">\n\t                                <\/div>\n\t\t\t\t\t\t<\/div>\n\t<\/div>\n<\/section>\n\t\t<\/div>\n\t\t\t\t<\/div>\n\t\t\t\t\t\t<\/div>\n\t\t\t\t\t<\/div>\n\t\t<\/div>\n\t\t\t\t\t\t\t\t<\/div>\n\t\t\t\t\t<\/div>\n\t\t<\/section>\n\t\t\t\t\t\t<\/div>\n\t\t\t\t\t\t<\/div>\n\t\t\t\t\t<\/div>\n\t\t","protected":false},"excerpt":{"rendered":"<p>Z g\u0142\u0119bokim \u017calem zawiadamiamy, \u017ce 27 stycznia 2024 r. w&nbsp;wieku 69 lat zmar\u0142 \u015aP. dr in\u017c. Kazimierz Gregorczyk wieloletni pracownik Katedry Herbologii i&nbsp;Technik Uprawy Ro\u015blin Wydzia\u0142u Agrobioin\u017cynierii oraz kierownik Gospodarstwa Do\u015bwiadczalnego w&nbsp;Czes\u0142awicach nale\u017c\u0105cego do Uniwersytetu Przyrodniczego w&nbsp;Lublinie Uroczysto\u015bci pogrzebowe odb\u0119d\u0105 si\u0119 na cmentarzu przy ul. Unickiej1 lutego 2024 r. o\u00a0godz. 10:00 Rodzinie i&nbsp;Przyjacio\u0142om Zmar\u0142ego sk\u0142adamy [&hellip;]<\/p>\n","protected":false},"author":2,"featured_media":154086,"comment_status":"closed","ping_status":"closed","sticky":false,"template":"elementor_header_footer","format":"standard","meta":{"_monsterinsights_skip_tracking":false,"_monsterinsights_sitenote_active":false,"_monsterinsights_sitenote_note":"","_monsterinsights_sitenote_category":0},"categories":[12],"tags":[],"_links":{"self":[{"href":"https:\/\/up.lublin.pl\/agrobio\/wp-json\/wp\/v2\/posts\/154679"}],"collection":[{"href":"https:\/\/up.lublin.pl\/agrobio\/wp-json\/wp\/v2\/posts"}],"about":[{"href":"https:\/\/up.lublin.pl\/agrobio\/wp-json\/wp\/v2\/types\/post"}],"author":[{"embeddable":true,"href":"https:\/\/up.lublin.pl\/agrobio\/wp-json\/wp\/v2\/users\/2"}],"replies":[{"embeddable":true,"href":"https:\/\/up.lublin.pl\/agrobio\/wp-json\/wp\/v2\/comments?post=154679"}],"version-history":[{"count":4,"href":"https:\/\/up.lublin.pl\/agrobio\/wp-json\/wp\/v2\/posts\/154679\/revisions"}],"predecessor-version":[{"id":154683,"href":"https:\/\/up.lublin.pl\/agrobio\/wp-json\/wp\/v2\/posts\/154679\/revisions\/154683"}],"wp:featuredmedia":[{"embeddable":true,"href":"https:\/\/up.lublin.pl\/agrobio\/wp-json\/wp\/v2\/media\/154086"}],"wp:attachment":[{"href":"https:\/\/up.lublin.pl\/agrobio\/wp-json\/wp\/v2\/media?parent=154679"}],"wp:term":[{"taxonomy":"category","embeddable":true,"href":"https:\/\/up.lublin.pl\/agrobio\/wp-json\/wp\/v2\/categories?post=154679"},{"taxonomy":"post_tag","embeddable":true,"href":"https:\/\/up.lublin.pl\/agrobio\/wp-json\/wp\/v2\/tags?post=154679"}],"curies":[{"name":"wp","href":"https:\/\/api.w.org\/{rel}","templated":true}]}}