{"id":154583,"date":"2024-01-16T10:31:30","date_gmt":"2024-01-16T09:31:30","guid":{"rendered":"https:\/\/up.lublin.pl\/agrobio\/?p=154583"},"modified":"2024-01-16T10:40:21","modified_gmt":"2024-01-16T09:40:21","slug":"nominacja-profesorska-dla-prof-dr-hab-haliny-lipinskiej","status":"publish","type":"post","link":"https:\/\/up.lublin.pl\/agrobio\/nominacja-profesorska-dla-prof-dr-hab-haliny-lipinskiej\/","title":{"rendered":"Nominacja profesorska dla prof. dr hab. Haliny Lipi\u0144skiej"},"content":{"rendered":"\t\t<div data-elementor-type=\"wp-post\" data-elementor-id=\"154583\" class=\"elementor elementor-154583\" data-elementor-settings=\"[]\">\n\t\t\t\t\t\t<div class=\"elementor-inner\">\n\t\t\t\t\t\t\t<div class=\"elementor-section-wrap\">\n\t\t\t\t\t\t\t<section class=\"elementor-section elementor-top-section elementor-element elementor-element-0301a31 elementor-section-boxed elementor-section-height-default elementor-section-height-default\" data-id=\"0301a31\" data-element_type=\"section\">\n\t\t\t\t\t\t<div class=\"elementor-container elementor-column-gap-default\">\n\t\t\t\t\t\t\t<div class=\"elementor-row\">\n\t\t\t\t\t<div class=\"elementor-column elementor-col-100 elementor-top-column elementor-element elementor-element-0f92a0e\" data-id=\"0f92a0e\" data-element_type=\"column\">\n\t\t\t<div class=\"elementor-column-wrap elementor-element-populated\">\n\t\t\t\t\t\t\t<div class=\"elementor-widget-wrap\">\n\t\t\t\t\t\t<div class=\"elementor-element elementor-element-a25e947 elementor-widget elementor-widget-m5c\" data-id=\"a25e947\" data-element_type=\"widget\" data-widget_type=\"m5c.default\">\n\t\t\t\t<div class=\"elementor-widget-container\">\n\t\t\t<section class=\"mn-m5-c mn-m5-d2 mn-bg-white\">\n\t<div class=\"mn-grid\">\n\t\t\t\t<div class=\"mn-content mn-grid-9\">\n\t\t\t                <div class=\"mn-content-block active\">\n\t                                                        <div class=\"block-text\">\n\t                                        <h2>Nominacja profesorska dla prof. dr hab. Haliny Lipi\u0144skiej<\/h2>\n<p><strong>Mi\u0142o nam poinformowa\u0107, \u017ce decyzj\u0105 Prezydenta RP Andrzeja Dudy z\u00a0dnia 11 grudnia 2023 r., prof. dr hab. Halina Lipi\u0144ska (Katedra \u0141\u0105karstwa i\u00a0Kszta\u0142towania Krajobrazu, Wydzia\u0142 Agrobioin\u017cynierii), otrzyma\u0142a tytu\u0142 profesora nauk rolniczych w\u00a0dyscyplinie rolnictwo i\u00a0ogrodnictwo.<\/strong><\/p>\n<p><img loading=\"lazy\" class=\"alignnone wp-image-387352\" src=\"https:\/\/up.lublin.pl\/wp-content\/uploads\/2024\/01\/prof.-Lipinska.png\" alt=\"prof. Lipi\u0144ska\" width=\"1000\" height=\"667\" \/>Prof. dr hab. Halina Lipi\u0144ska (ur. w\u00a01962 r. w\u00a0Che\u0142mie) dyplom mgr in\u017c. rolnictwa (1987 r.) uzyska\u0142a na Wydziale Rolniczym Akademii Rolniczej w\u00a0Lublinie. W\u00a01990 r. podj\u0119\u0142a prac\u0119 w\u00a0Katedrze \u0141\u0105karstwa, gdzie po uko\u0144czeniu studi\u00f3w doktoranckich (1999 r.) i\u00a0uzyskaniu stopnia doktora nauk rolniczych, zosta\u0142a zatrudniona na stanowisku adiunkta. Stopie\u0144 doktora habilitowanego nauk rolniczych w\u00a0zakresie agronomii, specjalno\u015b\u0107 \u0142\u0105karstwo i\u00a0kszta\u0142towanie krajobrazu uzyska\u0142a w\u00a0roku 2011. 1 pa\u017adziernika 2019 roku otrzyma\u0142a tytu\u0142 profesora uczelni.<\/p>\n<p>Jest kierownikiem (od 1.09.2017 r.) Katedry \u0141\u0105karstwa i\u00a0Kszta\u0142towania Krajobrazu oraz Zak\u0142adu Studi\u00f3w Krajobrazowych i\u00a0Gospodarki Przestrzennej. W\u00a0roku 2006 uko\u0144czy\u0142a studia podyplomowe \u201eTereny Zieleni\u201d, organizowane przez Politechnik\u0119 Krakowsk\u0105 i\u00a0Uniwersytet Rolniczy w\u00a0Krakowie, za\u015b w\u00a0kolejnych latach odby\u0142a \u0142\u0105cznie 5 sta\u017cy krajowych i\u00a0zagranicznych.<\/p>\n<p>Dotychczasowy autorski lub wsp\u00f3\u0142autorski dorobek naukowy Haliny Lipi\u0144skiej obejmuje \u0142\u0105cznie 254 pozycje, w\u00a0tym 197 stanowi\u0105 oryginalne prace tw\u00f3rcze badawcze i\u00a0przegl\u0105dowe, 57 to materia\u0142y konferencyjne, artyku\u0142y popularnonaukowe i\u00a0inne opracowania. By\u0142a kierownikiem projektu pt. \u201eInnowacyjne rozwi\u0105zania techniczne w\u00a0siewniku do podsiewu u\u017cytk\u00f3w zielonych s\u0142u\u017c\u0105ce poprawie ilo\u015bci i\u00a0jako\u015bci paszy dla prze\u017cuwaczy oraz ochronie gleb, w\u00f3d i\u00a0klimatu\u201d, kierownikiem zadania w\u00a0projekcie \u201ePoprawa wykorzystania potencja\u0142u produkcyjnego pastwisk dla byd\u0142a mlecznego i\u00a0mi\u0119snego przez zastosowanie systemu wspomagania decyzji i\u00a0zarz\u0105dzania\u201d oraz wykonawc\u0105 w\u00a0czterech projektach krajowych. Kierowa\u0142a r\u00f3wnie\u017c dwoma projektami z\u00a0MEiN w\u00a0ramach programu \u201eDoskona\u0142a nauka\u201d.<\/p>\n<p>Dzia\u0142alno\u015b\u0107 naukowa prof. Lipi\u0144skiej obejmuje kilka kierunk\u00f3w badawczych, a\u00a0g\u0142\u00f3wnym z\u00a0nich s\u0105 \u201eEkosystemy trawiaste w\u00a0produkcji paszy, ochronie krajobrazu, gleb, w\u00f3d i\u00a0klimatu oraz innych us\u0142ug ekosystemowych\u201d. Podkre\u015blenia wymagaj\u0105 tu unikalne badania nad oddzia\u0142ywaniami allelopatycznymi gatunk\u00f3w i\u00a0odmian traw pastewnych oraz gazonowych, w\u00a0skutecznym zarz\u0105dzaniu produkcj\u0105 pasz UZ, zar\u00f3wno dla zachowania warto\u015bciowej pokarmowej, wysokich walor\u00f3w krajobrazowych, bior\u00f3\u017cnorodno\u015bci ekosystem\u00f3w i\u00a0ich funkcji ochronnych. Jej prace podejmuj\u0105 tak\u017ce wa\u017cny problem badawczy w\u00a0postaci odpowiedniego doboru gatunk\u00f3w i\u00a0odmian do mieszanek, kt\u00f3ry gwarantuje nie tylko ich stabilno\u015b\u0107, ale i\u00a0wysokie plony dobrej jako\u015bci paszy, wp\u0142ywa korzystnie na bilans wodny oraz przyczynia si\u0119 znacz\u0105co do zmniejszenia st\u0119\u017cenia biogen\u00f3w w\u00a0\u015brodowisku i\u00a0ich przenikania w\u00a0g\u0142\u0105b profilu glebowego. Innym z\u00a0najwa\u017cniejszych kierunk\u00f3w badawczych, potwierdzonych licznymi publikacjami, by\u0142y zagadnienia zwi\u0105zane z\u00a0ograniczaniem strat azotu oraz z\u00a0sekwestracj\u0105 dwutlenku w\u0119gla przez ekosystemy trawiaste. Badania te wpisuj\u0105 si\u0119 jednoznacznie w\u00a0problematyk\u0119 zr\u00f3wnowa\u017conego rozwoju i\u00a0wyzwa\u0144 stawianych rolnictwu w\u00a0aspekcie ochrony \u015brodowiska.<\/p>\n<p>Swoiste uzupe\u0142nienie g\u0142\u00f3wnych nurt\u00f3w badawczych w\u00a0dorobku prof. Haliny Lipi\u0144skiej stanowi\u0105 zagadnienia dotycz\u0105ce \u015brodowiska zamieszkania cz\u0142owieka na obszarach wiejskich, suburbialnych oraz miejskich. Problematyka ta jest szczeg\u00f3lnie istotna z\u00a0uwagi na post\u0119puj\u0105c\u0105 degradacj\u0119 krajobrazu przyrodniczego i\u00a0trosk\u0119 o\u00a0jako\u015b\u0107 \u017cycia obecnych i\u00a0przysz\u0142ych pokole\u0144. W\u00a0jej obr\u0119bie znalaz\u0142y si\u0119 badania dotycz\u0105ce r\u00f3\u017cnych funkcji i\u00a0us\u0142ug ekosystemowych zbiorowisk trawiastych, zagadnienia wpisuj\u0105ce si\u0119 w\u00a0kszta\u0142towanie i\u00a0ochron\u0119 krajobrazu oraz badania z\u00a0zakresu kszta\u0142towania niekt\u00f3rych wska\u017anik\u00f3w ro\u015blinnych i\u00a0glebowych w\u00a0zr\u00f3\u017cnicowanych warunkach produkcyjnych i\u00a0\u015brodowiskowych.<\/p>\n<p>Prof. Lipi\u0144ska naukowo i\u00a0dydaktycznie wsp\u00f3\u0142pracuje z\u00a0Narodowym Uniwersytetem Rolniczym w\u00a0Dublanach na Ukrainie, Zachodnioukrai\u0144skim Uniwersytetem Narodowym, CCS Haryana Agricultural University, Institute for Atmospheric Sciences-Weather and Climate, University of Iceland oraz Politechnik\u0105 w\u00a0Kownie (Litwa), a\u00a0efektem tej wsp\u00f3\u0142pracy s\u0105 wsp\u00f3lnie realizowane badania, liczne publikacje, sta\u017ce naukowe, wizyty studyjne oraz zaj\u0119cia dydaktyczne.<\/p>\n<p>Prof. Lipi\u0144ska uczestniczy\u0142a w\u00a096 konferencjach, w\u00a0tym w\u00a029 mi\u0119dzynarodowych, prezentuj\u0105c referaty, komunikaty naukowe i\u00a0postery. Dwukrotnie (w latach 2019 i\u00a02022) by\u0142a odpowiedzialna za organizacj\u0119 i\u00a0przebieg Mi\u0119dzynarodowych Konferencji Naukowych \u201cGospodarowanie przestrzeni\u0105 a\u00a0zasoby przyrodnicze\u201d. Wchodzi\u0142a w\u00a0sk\u0142ad komitetu organizacyjnego europejskiego kongresu \u0142\u0105karskiego EGF, kt\u00f3ry odby\u0142 si\u0119 w\u00a0Uniwersytecie Przyrodniczym w\u00a0Lublinie (czerwiec 2012), za\u015b w\u00a0roku 2020 roku w\u00a0sk\u0142ad komitetu Naukowego XXI Mi\u0119dzynarodowego Forum Naukowo-Praktycznego, organizowanego przez Uniwersytet Rolniczy w\u00a0Dublanach. Wielokrotnie pe\u0142ni\u0142a funkcj\u0119 moderatora b\u0105d\u017a przewodniczy\u0142a sekcjom konferencji i\u00a0sympozj\u00f3w, tak\u017ce komisji oceniaj\u0105cej prace naukowe prezentowane na Mi\u0119dzynarodowym Sympozjum Studenckich K\u00f3\u0142 Naukowych \u201c\u015arodowisko-Ro\u015blina-Zwierz\u0119-Produkt\u201d. Jest cz\u0142onkiem Rady Dyscypliny Rolnictwo i\u00a0Ogrodnictwo (od 2019) oraz Senatu UP w\u00a0Lublinie (od 2020). Jest cz\u0142onkiem PT\u0141 (przewodnicz\u0105c\u0105 oddzia\u0142u lubelskiego), LTN i\u00a0PTNA.<\/p>\n<p>Profesor Halina Lipi\u0144ska by\u0142a promotork\u0105 w\u00a0czterech przewodach doktorskich, recenzentk\u0105 trzech rozpraw doktorskich, jednej rozprawy habilitacyjnej oraz cz\u0142onkiem i\u00a0sekretarzem komisji habilitacyjnych oraz doktorskich. Cz\u0119sto jest powo\u0142ywana na recenzenta prac publikowanych w\u00a0czasopismach mi\u0119dzynarodowych (z IF) oraz krajowych. Jest promotorem 345, a\u00a0recenzentem 290 prac dyplomowych.<\/p>\n<p>W procesie dydaktycznym, pe\u0142ni\u0142a w\u00a0przesz\u0142o\u015bci funkcj\u0119 opiekuna lat i\u00a0praktyk dyplomowych, sekretarza wydzia\u0142owej komisji rekrutacyjnej, cz\u0142onka Komisji ds. Samooceny kierunku (architektura krajobrazu, gospodarka przestrzenna, agrobiznes, in\u017cynieria \u015brodowiska, rolnictwo i\u00a0ekonomia) oraz koordynatora prac nad wnioskiem o\u00a0kierunek zamawiany \u201eIn\u017cynieria \u015brodowiska\u201d. By\u0142a przewodnicz\u0105c\u0105 Rady programowej na kierunku gospodarka przestrzenna oraz wsp\u00f3\u0142autorem programu kszta\u0142cenia na studiach pierwszego i\u00a0drugiego stopnia na kierunku gospodarka przestrzenna oraz na studiach podyplomowych \u201ePlanowanie przestrzenne\u201d, gdzie pe\u0142ni\u0142a funkcj\u0119 Kierownika. Od 2016 r. sprawuje funkcj\u0119 prodziekana Wydzia\u0142u Agrobioin\u017cynierii. Bierze udzia\u0142 w\u00a0pracach Komisji Olimpiady M\u0142odych Producent\u00f3w Rolnych oraz Wiedzy i\u00a0Umiej\u0119tno\u015bci Rolniczych. By\u0142a opiekunem Uczelnianej Organizacji ZMW, a\u00a0przez 28 lat sprawowa\u0142a piecz\u0119 nad organizacj\u0105 Balu Charytatywnego Pracownik\u00f3w i\u00a0Student\u00f3w Uniwersytetu Przyrodniczego w\u00a0Lublinie. By\u0142a odpowiedzialna za przygotowanie wniosk\u00f3w, organizacj\u0119 i\u00a0koordynacj\u0119 zaj\u0119\u0107 dydaktycznych oraz sprawowanie opieki nad\u00a0 zapraszanymi do Uniwersytetu profesorami wizytuj\u0105cymi, zar\u00f3wno w\u00a0STA, jak i\u00a0sta\u017cy naukowych (zagranicznych oraz krajowych). Prowadzi o\u017cywion\u0105 wsp\u00f3\u0142prac\u0119 z\u00a0otoczeniem gospodarczym Uniwersytetu: ARiMR w\u00a0Lublinie, gminy: Bi\u0142goraj, Sosnowica, Urszulin, gospodarstwa rolne specjalizuj\u0105ce si\u0119 w\u00a0chowie byd\u0142a mlecznego i\u00a0produkcji mleka w\u00a0wojew\u00f3dztwach podlaskim i\u00a0lubelskim, Gospodarstwo Rolne ROLTRAW Marek Tatarczak, Instytut Agrofizyki im. B. Dobrza\u0144skiego PAN, INSCh w\u00a0Pu\u0142awach, IOR-PIB, ITP w\u00a0Falentach, IUNG-PIB w\u00a0Pu\u0142awach, <em>INTERMAG<\/em>, KWK w\u00a0Bogdance, Krajowa Stacja Chemiczno-Rolnicza w\u00a0Warszawie, LODR w\u00a0Ko\u0144skowoli, MOSiR \u201eBystrzyca\u201d w\u00a0Lublinie, Ogi\u0144ski Group, OSChR w\u00a0Lublinie, Globator Milnerals Sp z\u00a0O.O. PODR w\u00a0Szepietowie, Mechanika Maszyn i\u00a0Urz\u0105dze\u0144 Rolniczych Zygmunt Babi\u0144ski, Urz\u0105d Miasta Lublin, Lokalne Grupy Dzia\u0142ania.<\/p>\n<p>Za dzia\u0142alno\u015b\u0107 naukow\u0105 i\u00a0dydaktyczn\u0105 by\u0142a wielokrotnie nagradzana Nagrod\u0105 Rektora, wyr\u00f3\u017cniona tak\u017ce przez Wydzia\u0142ow\u0105 Rad\u0119 Samorz\u0105du Studenckiego Agrobioin\u017cynierii \u201eZ\u0142otym k\u0142osem\u201d w\u00a0kategorii najlepszy prowadz\u0105cy oraz za najlepszy kontakt ze studentami. Odznaczona Srebrnym Krzy\u017cem Zas\u0142ugi, Srebrnym Medalem Za D\u0142ugoletni\u0105 S\u0142u\u017cb\u0119, Medalem KEN, Medalem Prezydenta Miasta Lublin oraz Medalem Marsza\u0142ka Wojew\u00f3dztwa Lubelskiego.<\/p>\n<h5 style=\"text-align: right;\"><strong>fot.: Maciej Niedzi\u00f3\u0142ka\/ DRiP<\/strong><\/h5>\n                                        <\/div>\n\t\t\t\t\t\t                                <\/div>\n\t\t\t\t                <div class=\"mn-content-block\">\n\t                                <\/div>\n\t\t\t\t                <div class=\"mn-content-block\">\n\t                                <\/div>\n\t\t\t\t                <div class=\"mn-content-block\">\n\t                                <\/div>\n\t\t\t\t                <div class=\"mn-content-block\">\n\t                                <\/div>\n\t\t\t\t                <div class=\"mn-content-block\">\n\t                                <\/div>\n\t\t\t\t                <div class=\"mn-content-block\">\n\t                                <\/div>\n\t\t\t\t                <div class=\"mn-content-block\">\n\t                                <\/div>\n\t\t\t\t                <div class=\"mn-content-block\">\n\t                                <\/div>\n\t\t\t\t                <div class=\"mn-content-block\">\n\t                                <\/div>\n\t\t\t\t                <div class=\"mn-content-block\">\n\t                                <\/div>\n\t\t\t\t                <div class=\"mn-content-block\">\n\t                                <\/div>\n\t\t\t\t                <div class=\"mn-content-block\">\n\t                                <\/div>\n\t\t\t\t                <div class=\"mn-content-block\">\n\t                                <\/div>\n\t\t\t\t                <div class=\"mn-content-block\">\n\t                                <\/div>\n\t\t\t\t                <div class=\"mn-content-block\">\n\t                                <\/div>\n\t\t\t\t                <div class=\"mn-content-block\">\n\t                                <\/div>\n\t\t\t\t                <div class=\"mn-content-block\">\n\t                                <\/div>\n\t\t\t\t                <div class=\"mn-content-block\">\n\t                                <\/div>\n\t\t\t\t                <div class=\"mn-content-block\">\n\t                                <\/div>\n\t\t\t\t\t\t<\/div>\n\t<\/div>\n<\/section>\n\t\t<\/div>\n\t\t\t\t<\/div>\n\t\t\t\t\t\t<\/div>\n\t\t\t\t\t<\/div>\n\t\t<\/div>\n\t\t\t\t\t\t\t\t<\/div>\n\t\t\t\t\t<\/div>\n\t\t<\/section>\n\t\t\t\t\t\t<\/div>\n\t\t\t\t\t\t<\/div>\n\t\t\t\t\t<\/div>\n\t\t","protected":false},"excerpt":{"rendered":"<p>Nominacja profesorska dla prof. dr hab. Haliny Lipi\u0144skiej Mi\u0142o nam poinformowa\u0107, \u017ce decyzj\u0105 Prezydenta RP Andrzeja Dudy z\u00a0dnia 11 grudnia 2023 r., prof. dr hab. Halina Lipi\u0144ska (Katedra \u0141\u0105karstwa i\u00a0Kszta\u0142towania Krajobrazu, Wydzia\u0142 Agrobioin\u017cynierii), otrzyma\u0142a tytu\u0142 profesora nauk rolniczych w\u00a0dyscyplinie rolnictwo i\u00a0ogrodnictwo. Prof. dr hab. Halina Lipi\u0144ska (ur. w\u00a01962 r. w\u00a0Che\u0142mie) dyplom mgr in\u017c. rolnictwa (1987 [&hellip;]<\/p>\n","protected":false},"author":2,"featured_media":154596,"comment_status":"closed","ping_status":"closed","sticky":false,"template":"elementor_header_footer","format":"standard","meta":{"_monsterinsights_skip_tracking":false,"_monsterinsights_sitenote_active":false,"_monsterinsights_sitenote_note":"","_monsterinsights_sitenote_category":0},"categories":[12],"tags":[],"_links":{"self":[{"href":"https:\/\/up.lublin.pl\/agrobio\/wp-json\/wp\/v2\/posts\/154583"}],"collection":[{"href":"https:\/\/up.lublin.pl\/agrobio\/wp-json\/wp\/v2\/posts"}],"about":[{"href":"https:\/\/up.lublin.pl\/agrobio\/wp-json\/wp\/v2\/types\/post"}],"author":[{"embeddable":true,"href":"https:\/\/up.lublin.pl\/agrobio\/wp-json\/wp\/v2\/users\/2"}],"replies":[{"embeddable":true,"href":"https:\/\/up.lublin.pl\/agrobio\/wp-json\/wp\/v2\/comments?post=154583"}],"version-history":[{"count":5,"href":"https:\/\/up.lublin.pl\/agrobio\/wp-json\/wp\/v2\/posts\/154583\/revisions"}],"predecessor-version":[{"id":154600,"href":"https:\/\/up.lublin.pl\/agrobio\/wp-json\/wp\/v2\/posts\/154583\/revisions\/154600"}],"wp:featuredmedia":[{"embeddable":true,"href":"https:\/\/up.lublin.pl\/agrobio\/wp-json\/wp\/v2\/media\/154596"}],"wp:attachment":[{"href":"https:\/\/up.lublin.pl\/agrobio\/wp-json\/wp\/v2\/media?parent=154583"}],"wp:term":[{"taxonomy":"category","embeddable":true,"href":"https:\/\/up.lublin.pl\/agrobio\/wp-json\/wp\/v2\/categories?post=154583"},{"taxonomy":"post_tag","embeddable":true,"href":"https:\/\/up.lublin.pl\/agrobio\/wp-json\/wp\/v2\/tags?post=154583"}],"curies":[{"name":"wp","href":"https:\/\/api.w.org\/{rel}","templated":true}]}}