{"id":154442,"date":"2023-12-20T10:17:12","date_gmt":"2023-12-20T09:17:12","guid":{"rendered":"https:\/\/up.lublin.pl\/agrobio\/?p=154442"},"modified":"2023-12-21T11:34:29","modified_gmt":"2023-12-21T10:34:29","slug":"wyjazdy-szkoleniowe-studentow-kierunku-lesnictwo-finansowane-w-ramach-funduszy-europejskich-zintegrowany-program-rozwoju-uniwersytetu-przyrodniczego-w-lublinie-nr-powr-03-05-00-00-z2","status":"publish","type":"post","link":"https:\/\/up.lublin.pl\/agrobio\/wyjazdy-szkoleniowe-studentow-kierunku-lesnictwo-finansowane-w-ramach-funduszy-europejskich-zintegrowany-program-rozwoju-uniwersytetu-przyrodniczego-w-lublinie-nr-powr-03-05-00-00-z2\/","title":{"rendered":"Wyjazdy szkoleniowe student\u00f3w kierunku Le\u015bnictwo finansowane w ramach funduszy europejskich \u201eZintegrowany Program Rozwoju Uniwersytetu Przyrodniczego w Lublinie\u201d nr POWR.03.05.00-00-Z232\/17"},"content":{"rendered":"<p>W ramach realizacji projektu \u201eZintegrowany Program Rozwoju Uniwersytetu Przyrodniczego w Lublinie\u201d studenci kierunku le\u015bnictwo wzi\u0119li udzia\u0142 w zaj\u0119ciach szkoleniowych w Poleskim Parku Narodowym oraz w Roztocza\u0144skim Parku Narodowym.<\/p>\n<p>&nbsp;<\/p>\n<p>Organizatorami wyjazdu byli pracownicy Instytutu Gleboznawstwa, In\u017cynierii i Kszta\u0142towania \u015arodowiska UP w Lublinie oraz Studenckie Ko\u0142o Naukowe Le\u015bnik\u00f3w, koordynatorem wyjazd\u00f3w by\u0142a dr in\u017c. Joanna Gmitrowicz-Iwan.<\/p>\n<p>&nbsp;<\/p>\n<p><a href=\"https:\/\/up.lublin.pl\/agrobio\/wp-content\/uploads\/sites\/2\/2023\/12\/Wyjazdy-terenowe-studentow-kierunku-Lesnictwo.pdf\">Relacja z wyjazd\u00f3w &#8211; pobierz PDF<\/a><\/p>\n<p>&nbsp;<\/p>\n<p>&nbsp;<\/p>\n","protected":false},"excerpt":{"rendered":"<p>W ramach realizacji projektu \u201eZintegrowany Program Rozwoju Uniwersytetu Przyrodniczego w Lublinie\u201d studenci kierunku le\u015bnictwo wzi\u0119li udzia\u0142 w zaj\u0119ciach szkoleniowych w Poleskim Parku Narodowym oraz w Roztocza\u0144skim Parku Narodowym. &nbsp; Organizatorami wyjazdu byli pracownicy Instytutu Gleboznawstwa, In\u017cynierii i Kszta\u0142towania \u015arodowiska UP w Lublinie oraz Studenckie Ko\u0142o Naukowe Le\u015bnik\u00f3w, koordynatorem wyjazd\u00f3w by\u0142a dr in\u017c. Joanna Gmitrowicz-Iwan. &nbsp; [&hellip;]<\/p>\n","protected":false},"author":207,"featured_media":154485,"comment_status":"closed","ping_status":"closed","sticky":false,"template":"","format":"standard","meta":{"_monsterinsights_skip_tracking":false,"_monsterinsights_sitenote_active":false,"_monsterinsights_sitenote_note":"","_monsterinsights_sitenote_category":0},"categories":[12],"tags":[],"_links":{"self":[{"href":"https:\/\/up.lublin.pl\/agrobio\/wp-json\/wp\/v2\/posts\/154442"}],"collection":[{"href":"https:\/\/up.lublin.pl\/agrobio\/wp-json\/wp\/v2\/posts"}],"about":[{"href":"https:\/\/up.lublin.pl\/agrobio\/wp-json\/wp\/v2\/types\/post"}],"author":[{"embeddable":true,"href":"https:\/\/up.lublin.pl\/agrobio\/wp-json\/wp\/v2\/users\/207"}],"replies":[{"embeddable":true,"href":"https:\/\/up.lublin.pl\/agrobio\/wp-json\/wp\/v2\/comments?post=154442"}],"version-history":[{"count":4,"href":"https:\/\/up.lublin.pl\/agrobio\/wp-json\/wp\/v2\/posts\/154442\/revisions"}],"predecessor-version":[{"id":154489,"href":"https:\/\/up.lublin.pl\/agrobio\/wp-json\/wp\/v2\/posts\/154442\/revisions\/154489"}],"wp:featuredmedia":[{"embeddable":true,"href":"https:\/\/up.lublin.pl\/agrobio\/wp-json\/wp\/v2\/media\/154485"}],"wp:attachment":[{"href":"https:\/\/up.lublin.pl\/agrobio\/wp-json\/wp\/v2\/media?parent=154442"}],"wp:term":[{"taxonomy":"category","embeddable":true,"href":"https:\/\/up.lublin.pl\/agrobio\/wp-json\/wp\/v2\/categories?post=154442"},{"taxonomy":"post_tag","embeddable":true,"href":"https:\/\/up.lublin.pl\/agrobio\/wp-json\/wp\/v2\/tags?post=154442"}],"curies":[{"name":"wp","href":"https:\/\/api.w.org\/{rel}","templated":true}]}}