{"id":154428,"date":"2023-12-18T09:32:56","date_gmt":"2023-12-18T08:32:56","guid":{"rendered":"https:\/\/up.lublin.pl\/agrobio\/?p=154428"},"modified":"2023-12-21T08:36:23","modified_gmt":"2023-12-21T07:36:23","slug":"dziekanat-wydzialu-agrobioinzynierii-nieczynny-od-23-12-2023r-do-01-01-2024r","status":"publish","type":"post","link":"https:\/\/up.lublin.pl\/agrobio\/dziekanat-wydzialu-agrobioinzynierii-nieczynny-od-23-12-2023r-do-01-01-2024r\/","title":{"rendered":"Dziekanat Wydzia\u0142u Agrobioin\u017cynierii nieczynny od 23.12.2023r. do 01.01.2024r."},"content":{"rendered":"<p>Informujemy, \u017ce Dziekanat Wydzia\u0142u Agrobioin\u017cynierii b\u0119dzie nieczynny w dniach 23.12.2023r.-01.01.2024r.<\/p>\n","protected":false},"excerpt":{"rendered":"<p>Informujemy, \u017ce Dziekanat Wydzia\u0142u Agrobioin\u017cynierii b\u0119dzie nieczynny w dniach 23.12.2023r.-01.01.2024r.<\/p>\n","protected":false},"author":214,"featured_media":154258,"comment_status":"closed","ping_status":"closed","sticky":false,"template":"","format":"standard","meta":{"_monsterinsights_skip_tracking":false,"_monsterinsights_sitenote_active":false,"_monsterinsights_sitenote_note":"","_monsterinsights_sitenote_category":0},"categories":[12],"tags":[],"_links":{"self":[{"href":"https:\/\/up.lublin.pl\/agrobio\/wp-json\/wp\/v2\/posts\/154428"}],"collection":[{"href":"https:\/\/up.lublin.pl\/agrobio\/wp-json\/wp\/v2\/posts"}],"about":[{"href":"https:\/\/up.lublin.pl\/agrobio\/wp-json\/wp\/v2\/types\/post"}],"author":[{"embeddable":true,"href":"https:\/\/up.lublin.pl\/agrobio\/wp-json\/wp\/v2\/users\/214"}],"replies":[{"embeddable":true,"href":"https:\/\/up.lublin.pl\/agrobio\/wp-json\/wp\/v2\/comments?post=154428"}],"version-history":[{"count":1,"href":"https:\/\/up.lublin.pl\/agrobio\/wp-json\/wp\/v2\/posts\/154428\/revisions"}],"predecessor-version":[{"id":154429,"href":"https:\/\/up.lublin.pl\/agrobio\/wp-json\/wp\/v2\/posts\/154428\/revisions\/154429"}],"wp:featuredmedia":[{"embeddable":true,"href":"https:\/\/up.lublin.pl\/agrobio\/wp-json\/wp\/v2\/media\/154258"}],"wp:attachment":[{"href":"https:\/\/up.lublin.pl\/agrobio\/wp-json\/wp\/v2\/media?parent=154428"}],"wp:term":[{"taxonomy":"category","embeddable":true,"href":"https:\/\/up.lublin.pl\/agrobio\/wp-json\/wp\/v2\/categories?post=154428"},{"taxonomy":"post_tag","embeddable":true,"href":"https:\/\/up.lublin.pl\/agrobio\/wp-json\/wp\/v2\/tags?post=154428"}],"curies":[{"name":"wp","href":"https:\/\/api.w.org\/{rel}","templated":true}]}}