{"id":154320,"date":"2023-11-22T14:10:24","date_gmt":"2023-11-22T13:10:24","guid":{"rendered":"https:\/\/up.lublin.pl\/agrobio\/?p=154320"},"modified":"2023-11-22T14:13:20","modified_gmt":"2023-11-22T13:13:20","slug":"zapraszamy-na-dni-kierunku-gospodarka-przestrzenna","status":"publish","type":"post","link":"https:\/\/up.lublin.pl\/agrobio\/zapraszamy-na-dni-kierunku-gospodarka-przestrzenna\/","title":{"rendered":"Zapraszamy na dni kierunku Gospodarka Przestrzenna!"},"content":{"rendered":"\t\t<div data-elementor-type=\"wp-post\" data-elementor-id=\"154320\" class=\"elementor elementor-154320\" data-elementor-settings=\"[]\">\n\t\t\t\t\t\t<div class=\"elementor-inner\">\n\t\t\t\t\t\t\t<div class=\"elementor-section-wrap\">\n\t\t\t\t\t\t\t<section class=\"elementor-section elementor-top-section elementor-element elementor-element-fccdfb4 elementor-section-boxed elementor-section-height-default elementor-section-height-default\" data-id=\"fccdfb4\" data-element_type=\"section\">\n\t\t\t\t\t\t<div class=\"elementor-container elementor-column-gap-default\">\n\t\t\t\t\t\t\t<div class=\"elementor-row\">\n\t\t\t\t\t<div class=\"elementor-column elementor-col-100 elementor-top-column elementor-element elementor-element-bb07741\" data-id=\"bb07741\" data-element_type=\"column\">\n\t\t\t<div class=\"elementor-column-wrap elementor-element-populated\">\n\t\t\t\t\t\t\t<div class=\"elementor-widget-wrap\">\n\t\t\t\t\t\t<div class=\"elementor-element elementor-element-a16a8e8 elementor-widget elementor-widget-m5c\" data-id=\"a16a8e8\" data-element_type=\"widget\" data-widget_type=\"m5c.default\">\n\t\t\t\t<div class=\"elementor-widget-container\">\n\t\t\t<section class=\"mn-m5-c mn-m5-d2 mn-bg-white\">\n\t<div class=\"mn-grid\">\n\t\t\t\t<div class=\"mn-content mn-grid-9\">\n\t\t\t                <div class=\"mn-content-block active\">\n\t                                                        <div class=\"block-text\">\n\t                                        <h2><strong> Dni Kierunku Gospodarka Przestrzenna<\/strong><\/h2>\n<p><strong>Zapraszamy do udzia\u0142u w&nbsp;Dniach Kierunku Gospodarka Przestrzenna na Wydziale Agrobioin\u017cynierii, kt\u00f3re odb\u0119d\u0105 si\u0119 23 listopada 2023 w&nbsp;budynku Agro II, sala 14-15, w&nbsp;godz. 10-12.30.<\/strong><\/p>\n<p style=\"text-align: center;\"><strong>Harmonogram<\/strong><\/p>\n<table style=\"border-collapse: collapse; width: 100%;\">\n<tbody>\n<tr>\n<th style=\"width: 19.3617%; text-align: left;\">Godzina<\/th>\n<th style=\"width: 80.6383%; text-align: left;\">Agenda<\/th>\n<\/tr>\n<tr>\n<td style=\"width: 19.3617%; vertical-align: middle;\">9.45 \u2013 10.00<\/td>\n<td style=\"width: 80.6383%; text-align: left;\"><strong>Rejestracja uczestnik\u00f3w spotkania i&nbsp;powitalna kawa<\/strong><\/td>\n<\/tr>\n<tr>\n<td style=\"width: 19.3617%; vertical-align: middle;\">10.00 \u2013 10.15<\/td>\n<td style=\"width: 80.6383%; text-align: left;\"><strong>Otwarcie konferencji<\/strong><br \/>Prowadz\u0105cy: prof. Halina Lipi\u0144ska i&nbsp;dr in\u017c. Agnieszka K\u0119pkowicz<\/td>\n<\/tr>\n<tr>\n<td style=\"width: 19.3617%; vertical-align: middle;\">10.15 \u2013 11.15<\/td>\n<td style=\"width: 80.6383%; text-align: left;\"><strong>1 Etap warsztat\u00f3w konsultacyjnych:<\/strong> BANK POMYS\u0141\u00d3W \u2013 BANK KOLOR\u00d3W<br \/>Prowadz\u0105cy: dr in\u017c. Agnieszka K\u0119pkowicz oraz SKN GP<\/td>\n<\/tr>\n<tr>\n<td style=\"width: 19.3617%; vertical-align: middle;\">11.15 \u2013 11.30<\/td>\n<td style=\"width: 80.6383%; text-align: left;\">Przerwa kawowa<\/td>\n<\/tr>\n<tr>\n<td style=\"width: 19.3617%; vertical-align: middle;\">11.30 \u2013 12.00<\/td>\n<td style=\"width: 80.6383%; text-align: left;\"><strong>2 Etap warsztat\u00f3w konsultacyjnych:<\/strong> KO\u0141A EKSPERCKIE<br \/>Prowadz\u0105cy: dr in\u017c. Agnieszka K\u0119pkowicz oraz SKN GP<\/td>\n<\/tr>\n<tr>\n<td style=\"width: 19.3617%; vertical-align: middle;\">12.00 \u2013 13.00<\/td>\n<td style=\"width: 80.6383%; text-align: left;\"><strong>Podsumowanie wynik\u00f3w warsztat\u00f3w i&nbsp;zako\u0144czenie konferencji<\/strong><\/td>\n<\/tr>\n<\/tbody>\n<\/table>\n                                        <\/div>\n\t\t\t\t\t\t                                <\/div>\n\t\t\t\t                <div class=\"mn-content-block\">\n\t                                <\/div>\n\t\t\t\t                <div class=\"mn-content-block\">\n\t                                <\/div>\n\t\t\t\t                <div class=\"mn-content-block\">\n\t                                <\/div>\n\t\t\t\t                <div class=\"mn-content-block\">\n\t                                <\/div>\n\t\t\t\t                <div class=\"mn-content-block\">\n\t                                <\/div>\n\t\t\t\t                <div class=\"mn-content-block\">\n\t                                <\/div>\n\t\t\t\t                <div class=\"mn-content-block\">\n\t                                <\/div>\n\t\t\t\t                <div class=\"mn-content-block\">\n\t                                <\/div>\n\t\t\t\t                <div class=\"mn-content-block\">\n\t                                <\/div>\n\t\t\t\t                <div class=\"mn-content-block\">\n\t                                <\/div>\n\t\t\t\t                <div class=\"mn-content-block\">\n\t                                <\/div>\n\t\t\t\t                <div class=\"mn-content-block\">\n\t                                <\/div>\n\t\t\t\t                <div class=\"mn-content-block\">\n\t                                <\/div>\n\t\t\t\t                <div class=\"mn-content-block\">\n\t                                <\/div>\n\t\t\t\t                <div class=\"mn-content-block\">\n\t                                <\/div>\n\t\t\t\t                <div class=\"mn-content-block\">\n\t                                <\/div>\n\t\t\t\t                <div class=\"mn-content-block\">\n\t                                <\/div>\n\t\t\t\t                <div class=\"mn-content-block\">\n\t                                <\/div>\n\t\t\t\t                <div class=\"mn-content-block\">\n\t                                <\/div>\n\t\t\t\t\t\t<\/div>\n\t<\/div>\n<\/section>\n\t\t<\/div>\n\t\t\t\t<\/div>\n\t\t\t\t\t\t<\/div>\n\t\t\t\t\t<\/div>\n\t\t<\/div>\n\t\t\t\t\t\t\t\t<\/div>\n\t\t\t\t\t<\/div>\n\t\t<\/section>\n\t\t\t\t\t\t<\/div>\n\t\t\t\t\t\t<\/div>\n\t\t\t\t\t<\/div>\n\t\t","protected":false},"excerpt":{"rendered":"<p>Dni Kierunku Gospodarka Przestrzenna Zapraszamy do udzia\u0142u w&nbsp;Dniach Kierunku Gospodarka Przestrzenna na Wydziale Agrobioin\u017cynierii, kt\u00f3re odb\u0119d\u0105 si\u0119 23 listopada 2023 w&nbsp;budynku Agro II, sala 14-15, w&nbsp;godz. 10-12.30. Harmonogram Godzina Agenda 9.45 \u2013 10.00 Rejestracja uczestnik\u00f3w spotkania i&nbsp;powitalna kawa 10.00 \u2013 10.15 Otwarcie konferencjiProwadz\u0105cy: prof. Halina Lipi\u0144ska i&nbsp;dr in\u017c. Agnieszka K\u0119pkowicz 10.15 \u2013 11.15 1 Etap [&hellip;]<\/p>\n","protected":false},"author":2,"featured_media":154321,"comment_status":"closed","ping_status":"closed","sticky":false,"template":"elementor_header_footer","format":"standard","meta":{"_monsterinsights_skip_tracking":false,"_monsterinsights_sitenote_active":false,"_monsterinsights_sitenote_note":"","_monsterinsights_sitenote_category":0},"categories":[12],"tags":[],"_links":{"self":[{"href":"https:\/\/up.lublin.pl\/agrobio\/wp-json\/wp\/v2\/posts\/154320"}],"collection":[{"href":"https:\/\/up.lublin.pl\/agrobio\/wp-json\/wp\/v2\/posts"}],"about":[{"href":"https:\/\/up.lublin.pl\/agrobio\/wp-json\/wp\/v2\/types\/post"}],"author":[{"embeddable":true,"href":"https:\/\/up.lublin.pl\/agrobio\/wp-json\/wp\/v2\/users\/2"}],"replies":[{"embeddable":true,"href":"https:\/\/up.lublin.pl\/agrobio\/wp-json\/wp\/v2\/comments?post=154320"}],"version-history":[{"count":4,"href":"https:\/\/up.lublin.pl\/agrobio\/wp-json\/wp\/v2\/posts\/154320\/revisions"}],"predecessor-version":[{"id":154328,"href":"https:\/\/up.lublin.pl\/agrobio\/wp-json\/wp\/v2\/posts\/154320\/revisions\/154328"}],"wp:featuredmedia":[{"embeddable":true,"href":"https:\/\/up.lublin.pl\/agrobio\/wp-json\/wp\/v2\/media\/154321"}],"wp:attachment":[{"href":"https:\/\/up.lublin.pl\/agrobio\/wp-json\/wp\/v2\/media?parent=154320"}],"wp:term":[{"taxonomy":"category","embeddable":true,"href":"https:\/\/up.lublin.pl\/agrobio\/wp-json\/wp\/v2\/categories?post=154320"},{"taxonomy":"post_tag","embeddable":true,"href":"https:\/\/up.lublin.pl\/agrobio\/wp-json\/wp\/v2\/tags?post=154320"}],"curies":[{"name":"wp","href":"https:\/\/api.w.org\/{rel}","templated":true}]}}