{"id":154298,"date":"2023-11-18T19:04:33","date_gmt":"2023-11-18T18:04:33","guid":{"rendered":"https:\/\/up.lublin.pl\/agrobio\/?p=154298"},"modified":"2023-12-21T08:36:01","modified_gmt":"2023-12-21T07:36:01","slug":"zmarl-dr-hab-jozef-sawicki","status":"publish","type":"post","link":"https:\/\/up.lublin.pl\/agrobio\/zmarl-dr-hab-jozef-sawicki\/","title":{"rendered":"Zmar\u0142 Dr hab. J\u00f3zef Sawicki"},"content":{"rendered":"<p><img loading=\"lazy\" class=\"aligncenter wp-image-154299\" src=\"https:\/\/up.lublin.pl\/agrobio\/wp-content\/uploads\/sites\/2\/2023\/11\/J.-Sawicki.jpg\" alt=\"\" width=\"197\" height=\"250\" \/><\/p>\n<p>&nbsp;<\/p>\n<p style=\"text-align: center;\">Z g\u0142\u0119bokim \u017calem zawiadamiamy, \u017ce 16 listopada 2023 roku zmar\u0142<\/p>\n<p>&nbsp;<\/p>\n<p style=\"text-align: center;\"><strong>\u015aP.<\/strong><\/p>\n<p style=\"text-align: center;\"><strong>\u00a0\u00a0\u00a0\u00a0\u00a0\u00a0\u00a0\u00a0\u00a0\u00a0\u00a0\u00a0\u00a0\u00a0\u00a0\u00a0\u00a0\u00a0\u00a0\u00a0\u00a0\u00a0\u00a0\u00a0\u00a0\u00a0\u00a0\u00a0\u00a0\u00a0\u00a0\u00a0\u00a0\u00a0\u00a0\u00a0\u00a0\u00a0\u00a0\u00a0\u00a0\u00a0\u00a0\u00a0\u00a0\u00a0\u00a0\u00a0\u00a0\u00a0\u00a0\u00a0\u00a0\u00a0\u00a0\u00a0\u00a0\u00a0\u00a0\u00a0\u00a0\u00a0\u00a0\u00a0\u00a0\u00a0\u00a0\u00a0\u00a0\u00a0\u00a0\u00a0\u00a0\u00a0\u00a0\u00a0\u00a0\u00a0\u00a0\u00a0\u00a0\u00a0\u00a0\u00a0\u00a0\u00a0 <\/strong><\/p>\n<p style=\"text-align: center;\"><strong>Dr hab. J\u00f3zef Sawicki<\/strong><\/p>\n<p>&nbsp;<\/p>\n<p style=\"text-align: center;\">Urodzony 11 lutego 1949 roku w Nisku, woj. Podkarpackie. Technikum \u0141\u0105karskie w Przemy\u015blu Bako\u0144czycach uko\u0144czy\u0142 w 1968 roku uzyskuj\u0105c dyplom \u0142\u0105karza-melioranta, a nast\u0119pnie wy\u017csze studia na Akademii Rolniczej w 1973 roku. Stopie\u0144 dra nauk rolniczych uzyska\u0142 w 1981 roku, a stopie\u0144 dra habilitowanego nauk rolniczych w 2003 roku. By\u0142 stypendyst\u0105 naukowym Uniwersytetu w Gent, autorem 5 grant\u00f3w naukowych, rzeczoznawc\u0105 SITWM-NOT d\/s \u0142\u0105karstwa oraz pracownikiem Katedry \u0141\u0105karstwa i Kszta\u0142towania Krajobrazu Uniwersytetu Przyrodniczego w Lublinie w latach 1973-2017.<\/p>\n<p>&nbsp;<\/p>\n<p style=\"text-align: center;\">Za sw\u0105 dzia\u0142alno\u015b\u0107 Dr hab. J\u00f3zef Sawicki\u00a0zosta\u0142 uhonorowany Br\u0105zowym Krzy\u017cem Zas\u0142ugi, Medalem za D\u0142ugoletni\u0105 S\u0142u\u017cb\u0119 oraz wyr\u00f3\u017cniony odznakami \u201eZas\u0142u\u017cony Pracownik Rolnictwa\u201d, Z\u0142ot\u0105 Honorow\u0105 Odznak\u0105 ZMW, Honorow\u0105 odznak\u0105 NOT, Honorow\u0105 Odznak\u0105 AR w Lublinie oraz wieloma wyr\u00f3\u017cnieniami naukowymi i\u00a0honorowymi<\/p>\n<p>&nbsp;<\/p>\n<p style=\"text-align: center;\">W osobie Pana Doktora Uniwersytet Przyrodniczy w Lublinie straci\u0142 szanowanego uczonego, promotora wielu prac in\u017cynierskich i magisterskich, cz\u0142onka NOT, cz\u0142onka Lubelskiego Towarzystwa Naukowego, Polskiego Towarzystwa Gleboznawczego i Towarzystwa \u0141\u0105karskiego<\/p>\n<p>&nbsp;<\/p>\n<p style=\"text-align: center;\">Zapami\u0119tamy Go jako cz\u0142owieka \u017cyczliwego, przyjaznego, ch\u0119tnie dziel\u0105cego si\u0119 swoim do\u015bwiadczeniem i wiedz\u0105,<\/p>\n<p style=\"text-align: center;\">a tak\u017ce wspania\u0142ego, serdecznego koleg\u0119, na kt\u00f3rego zawsze mo\u017cna by\u0142o liczy\u0107<\/p>\n<p>&nbsp;<\/p>\n<p style=\"text-align: center;\">Cze\u015b\u0107 Jego Pami\u0119ci!<\/p>\n<p>&nbsp;<\/p>\n<p style=\"text-align: center;\">Pracownicy Wydzia\u0142u Agrobioin\u017cynierii Uniwersytetu Przyrodniczego w Lublinie<\/p>\n<p style=\"text-align: center;\">Rodzinie Zmar\u0142ego wyrazy g\u0142\u0119bokiego wsp\u00f3\u0142czucia<\/p>\n<p>&nbsp;<\/p>\n<p style=\"text-align: center;\">sk\u0142adaj\u0105<\/p>\n<p>&nbsp;<\/p>\n<p style=\"text-align: center;\">JM Rektor i Senat Uniwersytetu Przyrodniczego w Lublinie, Dziekan i Kolegium Dzieka\u0144skie Wydzia\u0142u Agrobioin\u017cynierii, pracownicy Katedry \u0141\u0105karstwa i Kszta\u0142towania Krajobrazu oraz pracownicy i studenci Uniwersytetu Przyrodniczego w Lublinie<\/p>\n<p style=\"text-align: center;\"><em>\u00a0<\/em><\/p>\n<p>&nbsp;<\/p>\n<p style=\"text-align: center;\"><em>Uroczysto\u015bci pogrzebowe odb\u0119d\u0105 si\u0119 21 listopada 2023 r.<\/em><\/p>\n<p style=\"text-align: center;\"><em>\u00a0<\/em><\/p>\n<p style=\"text-align: center;\"><em>Msza \u015bw. odb\u0119dzie si\u0119 21 listopada o godzinie 11.00 w kaplicy Cmentarnej, przy ul.<\/em> <em>Cmentarnej, w Lublinie<\/em><em>. Wcze\u015bniej o godz. 10.25 odb\u0119dzie si\u0119 po\u017cegnanie \u015aP. J\u00f3zefa w Sali Po\u017cegna\u0144 obok Kaplicy, a nast\u0119pnie pogrzeb na Cmentarzu komunalnym &#8220;Majdanek&#8221; przy ulicy Cmentarnej w Lublinie<\/em><\/p>\n","protected":false},"excerpt":{"rendered":"<p>&nbsp; Z g\u0142\u0119bokim \u017calem zawiadamiamy, \u017ce 16 listopada 2023 roku zmar\u0142 &nbsp; \u015aP. \u00a0\u00a0\u00a0\u00a0\u00a0\u00a0\u00a0\u00a0\u00a0\u00a0\u00a0\u00a0\u00a0\u00a0\u00a0\u00a0\u00a0\u00a0\u00a0\u00a0\u00a0\u00a0\u00a0\u00a0\u00a0\u00a0\u00a0\u00a0\u00a0\u00a0\u00a0\u00a0\u00a0\u00a0\u00a0\u00a0\u00a0\u00a0\u00a0\u00a0\u00a0\u00a0\u00a0\u00a0\u00a0\u00a0\u00a0\u00a0\u00a0\u00a0\u00a0\u00a0\u00a0\u00a0\u00a0\u00a0\u00a0\u00a0\u00a0\u00a0\u00a0\u00a0\u00a0\u00a0\u00a0\u00a0\u00a0\u00a0\u00a0\u00a0\u00a0\u00a0\u00a0\u00a0\u00a0\u00a0\u00a0\u00a0\u00a0\u00a0\u00a0\u00a0\u00a0\u00a0\u00a0\u00a0 Dr hab. J\u00f3zef Sawicki &nbsp; Urodzony 11 lutego 1949 roku w Nisku, woj. Podkarpackie. Technikum \u0141\u0105karskie w Przemy\u015blu Bako\u0144czycach uko\u0144czy\u0142 w 1968 roku uzyskuj\u0105c dyplom \u0142\u0105karza-melioranta, a nast\u0119pnie wy\u017csze studia na Akademii Rolniczej w 1973 roku. Stopie\u0144 dra nauk rolniczych uzyska\u0142 [&hellip;]<\/p>\n","protected":false},"author":207,"featured_media":154086,"comment_status":"closed","ping_status":"closed","sticky":false,"template":"","format":"standard","meta":{"_monsterinsights_skip_tracking":false,"_monsterinsights_sitenote_active":false,"_monsterinsights_sitenote_note":"","_monsterinsights_sitenote_category":0},"categories":[12],"tags":[],"_links":{"self":[{"href":"https:\/\/up.lublin.pl\/agrobio\/wp-json\/wp\/v2\/posts\/154298"}],"collection":[{"href":"https:\/\/up.lublin.pl\/agrobio\/wp-json\/wp\/v2\/posts"}],"about":[{"href":"https:\/\/up.lublin.pl\/agrobio\/wp-json\/wp\/v2\/types\/post"}],"author":[{"embeddable":true,"href":"https:\/\/up.lublin.pl\/agrobio\/wp-json\/wp\/v2\/users\/207"}],"replies":[{"embeddable":true,"href":"https:\/\/up.lublin.pl\/agrobio\/wp-json\/wp\/v2\/comments?post=154298"}],"version-history":[{"count":7,"href":"https:\/\/up.lublin.pl\/agrobio\/wp-json\/wp\/v2\/posts\/154298\/revisions"}],"predecessor-version":[{"id":154480,"href":"https:\/\/up.lublin.pl\/agrobio\/wp-json\/wp\/v2\/posts\/154298\/revisions\/154480"}],"wp:featuredmedia":[{"embeddable":true,"href":"https:\/\/up.lublin.pl\/agrobio\/wp-json\/wp\/v2\/media\/154086"}],"wp:attachment":[{"href":"https:\/\/up.lublin.pl\/agrobio\/wp-json\/wp\/v2\/media?parent=154298"}],"wp:term":[{"taxonomy":"category","embeddable":true,"href":"https:\/\/up.lublin.pl\/agrobio\/wp-json\/wp\/v2\/categories?post=154298"},{"taxonomy":"post_tag","embeddable":true,"href":"https:\/\/up.lublin.pl\/agrobio\/wp-json\/wp\/v2\/tags?post=154298"}],"curies":[{"name":"wp","href":"https:\/\/api.w.org\/{rel}","templated":true}]}}