{"id":154182,"date":"2023-11-10T13:38:41","date_gmt":"2023-11-10T12:38:41","guid":{"rendered":"https:\/\/up.lublin.pl\/agrobio\/?p=154182"},"modified":"2023-11-15T10:24:46","modified_gmt":"2023-11-15T09:24:46","slug":"konferencja-poswiecona-kreowaniu-programu-ksztalcenia-i-planu-studiow-na-kierunkach-agrobiznes-bioinzynieria-i-rolnictwo","status":"publish","type":"post","link":"https:\/\/up.lublin.pl\/agrobio\/konferencja-poswiecona-kreowaniu-programu-ksztalcenia-i-planu-studiow-na-kierunkach-agrobiznes-bioinzynieria-i-rolnictwo\/","title":{"rendered":"Konferencja po\u015bwi\u0119cona kreowaniu programu kszta\u0142cenia i planu studi\u00f3w na kierunkach agrobiznes, bioin\u017cynieria i rolnictwo"},"content":{"rendered":"<p><strong>ZAPROSZENIE<\/strong><\/p>\n<p>&nbsp;<\/p>\n<p>Dziekan i Prodziekani Wydzia\u0142u Agrobioin\u017cynierii oraz Rady Programowe ds. Kierunk\u00f3w Agrobiznes, Rolnictwo i Bioin\u017cynieria zapraszaj\u0105: pracownik\u00f3w, student\u00f3w oraz interesariuszy zewn\u0119trznych<br \/>\nna konferencj\u0119 <strong>po\u015bwi\u0119con\u0105 kreowaniu programu kszta\u0142cenia i planu studi\u00f3w na kierunkach agrobiznes, bioin\u017cynieria i rolnictwo <\/strong><\/p>\n<p>&nbsp;<\/p>\n<p>Konferencja odb\u0119dzie si\u0119 dnia <strong>21 listopada 2023 r.\u00a0w sali konferencyjnej Agro II,<br \/>\nw godzinach od 10.00 do 12.30.<\/strong><\/p>\n<p>&nbsp;<\/p>\n<p>Program konferencji:<\/p>\n<p>&nbsp;<\/p>\n<p>10.00\u00a0 Otwarcie konferencji i powitanie go\u015bci<\/p>\n<p>10.10\u00a0 Prezentacja celu i programu kszta\u0142cenia oraz zasad dyplomowania na kierunkach agrobiznes, bioin\u017cynieria i rolnictwo<\/p>\n<p>10.40\u00a0 Wyst\u0105pienia interesariuszy zewn\u0119trznych<\/p>\n<p>11.00\u00a0 Wyst\u0105pienie przedstawiciela Biura Mobilno\u015bci Akademickiej<\/p>\n<p>11.15\u00a0 Wyst\u0105pienie przedstawiciela Biura Karier<\/p>\n<p>11.30\u00a0 Informacje o dzia\u0142alno\u015bci student\u00f3w w ko\u0142ach naukowych<\/p>\n<p>11.50\u00a0 Zako\u0144czenie I cz\u0119\u015bci konferencji<\/p>\n<p>12.00\u00a0 Spotkanie Rad Programowych ze studentami kierunk\u00f3w agrobiznes, rolnictwo i bioin\u017cynieria: opinie i uwagi dotycz\u0105ce plan\u00f3w studi\u00f3w<\/p>\n<p>12.30\u00a0 Zako\u0144czenie konferencji<\/p>\n<p>&nbsp;<\/p>\n<p>&nbsp;<\/p>\n<p>W imieniu organizator\u00f3w<\/p>\n<p>&nbsp;<\/p>\n<table style=\"border-collapse: collapse; width: 100%; height: 102px;\">\n<tbody>\n<tr style=\"height: 46px;\">\n<td style=\"width: 33.3333%; height: 46px; border-style: hidden; vertical-align: middle;\">prof. dr hab. Barbara Ko\u0142odziej<br \/>\nDziekan Wydzia\u0142u Agrobioin\u017cynierii<\/td>\n<td style=\"width: 33.3333%; height: 46px; border-style: hidden;\">dr hab. Halina Lipi\u0144ska, prof. uczelni<br \/>\nProdziekan Wydzia\u0142u Agrobioin\u017cynierii<\/td>\n<\/tr>\n<tr style=\"height: 46px;\">\n<td style=\"width: 33.3333%; height: 46px; border-style: hidden; vertical-align: middle;\">dr hab. Sylwia Andruszczak, prof. uczelni<br \/>\nProdziekan Wydzia\u0142u Agrobioin\u017cynierii<\/td>\n<td style=\"width: 33.3333%; height: 46px; border-style: hidden;\">dr hab. Ma\u0142gorzata Haliniarz, prof. uczelni<br \/>\nPrzewodnicz\u0105ca Rady Programowej ds. kierunku Rolnictwo<\/td>\n<\/tr>\n<tr style=\"height: 10px;\">\n<td style=\"width: 33.3333%; height: 10px; border-style: hidden; vertical-align: middle;\">prof. dr hab. Sylwia Oko\u0144<br \/>\nPrzewodnicz\u0105ca Rady Programowej ds. kierunku Bioin\u017cynieria<\/td>\n<td style=\"width: 33.3333%; height: 10px; border-style: hidden;\">dr hab. Piotr Kraska, prof. uczelni<br \/>\nPrzewodnicz\u0105cy Rady Programowej ds. kierunku Agrobiznes<\/td>\n<\/tr>\n<\/tbody>\n<\/table>\n<p>&nbsp;<\/p>\n<p>&nbsp;<\/p>\n","protected":false},"excerpt":{"rendered":"<p>ZAPROSZENIE &nbsp; Dziekan i Prodziekani Wydzia\u0142u Agrobioin\u017cynierii oraz Rady Programowe ds. Kierunk\u00f3w Agrobiznes, Rolnictwo i Bioin\u017cynieria zapraszaj\u0105: pracownik\u00f3w, student\u00f3w oraz interesariuszy zewn\u0119trznych na konferencj\u0119 po\u015bwi\u0119con\u0105 kreowaniu programu kszta\u0142cenia i planu studi\u00f3w na kierunkach agrobiznes, bioin\u017cynieria i rolnictwo &nbsp; Konferencja odb\u0119dzie si\u0119 dnia 21 listopada 2023 r.\u00a0w sali konferencyjnej Agro II, w godzinach od 10.00 do [&hellip;]<\/p>\n","protected":false},"author":207,"featured_media":154245,"comment_status":"closed","ping_status":"closed","sticky":false,"template":"","format":"standard","meta":{"_monsterinsights_skip_tracking":false,"_monsterinsights_sitenote_active":false,"_monsterinsights_sitenote_note":"","_monsterinsights_sitenote_category":0},"categories":[12],"tags":[],"_links":{"self":[{"href":"https:\/\/up.lublin.pl\/agrobio\/wp-json\/wp\/v2\/posts\/154182"}],"collection":[{"href":"https:\/\/up.lublin.pl\/agrobio\/wp-json\/wp\/v2\/posts"}],"about":[{"href":"https:\/\/up.lublin.pl\/agrobio\/wp-json\/wp\/v2\/types\/post"}],"author":[{"embeddable":true,"href":"https:\/\/up.lublin.pl\/agrobio\/wp-json\/wp\/v2\/users\/207"}],"replies":[{"embeddable":true,"href":"https:\/\/up.lublin.pl\/agrobio\/wp-json\/wp\/v2\/comments?post=154182"}],"version-history":[{"count":9,"href":"https:\/\/up.lublin.pl\/agrobio\/wp-json\/wp\/v2\/posts\/154182\/revisions"}],"predecessor-version":[{"id":154192,"href":"https:\/\/up.lublin.pl\/agrobio\/wp-json\/wp\/v2\/posts\/154182\/revisions\/154192"}],"wp:featuredmedia":[{"embeddable":true,"href":"https:\/\/up.lublin.pl\/agrobio\/wp-json\/wp\/v2\/media\/154245"}],"wp:attachment":[{"href":"https:\/\/up.lublin.pl\/agrobio\/wp-json\/wp\/v2\/media?parent=154182"}],"wp:term":[{"taxonomy":"category","embeddable":true,"href":"https:\/\/up.lublin.pl\/agrobio\/wp-json\/wp\/v2\/categories?post=154182"},{"taxonomy":"post_tag","embeddable":true,"href":"https:\/\/up.lublin.pl\/agrobio\/wp-json\/wp\/v2\/tags?post=154182"}],"curies":[{"name":"wp","href":"https:\/\/api.w.org\/{rel}","templated":true}]}}