{"id":154173,"date":"2023-11-08T10:41:56","date_gmt":"2023-11-08T09:41:56","guid":{"rendered":"https:\/\/up.lublin.pl\/agrobio\/?p=154173"},"modified":"2023-11-15T10:28:32","modified_gmt":"2023-11-15T09:28:32","slug":"nagroda-prezesa-oddzialu-pan-w-lublinie-dla-mlodych-pracownikow-naukowych-za-najlepsza-prace-naukowa-za-rok-2022","status":"publish","type":"post","link":"https:\/\/up.lublin.pl\/agrobio\/nagroda-prezesa-oddzialu-pan-w-lublinie-dla-mlodych-pracownikow-naukowych-za-najlepsza-prace-naukowa-za-rok-2022\/","title":{"rendered":"Nagroda Prezesa Oddzia\u0142u PAN w Lublinie dla m\u0142odych pracownik\u00f3w naukowych za najlepsz\u0105 prac\u0119 naukow\u0105 za rok 2022"},"content":{"rendered":"<div>Mi\u0142o nam poinformowa\u0107, \u017ce Pan dr in\u017c \u0141ukasz S\u0119czyk z Katedry Ro\u015blin Przemys\u0142owych i Leczniczych zosta\u0142 laureatem Nagrody Prezesa Oddzia\u0142u PAN w Lublinie dla m\u0142odych <span style=\"color: #720000;\"><span style=\"color: #ffffff;\">pracownik\u00f3w naukowych za najlepsz\u0105 prac\u0119 naukow\u0105 za rok 2022:<\/span><\/span><\/div>\n<div><\/div>\n<div><strong>Nauki biologiczne i rolnicze<\/strong><\/div>\n<div><\/div>\n<div><strong>\u0141ukasz S\u0119czyk i<\/strong><strong> in<\/strong>., Uniwersytet Przyrodniczy w Lublinie <strong>\u2013 <\/strong><em>In vitro bioaccessibility and activity of basil (Ocimum basilicum L.) phytochemicals as affected by cultivar and postharvest preservation method \u2013 Convection drying, freezing, and freeze-drying<\/em><\/div>\n<div><\/div>\n<div>\n<p><em><a title=\"https:\/\/www.pan-ol.lublin.pl\/pl\/nagroda\/laureaci-2021\/\" href=\"https:\/\/www.pan-ol.lublin.pl\/pl\/nagroda\/laureaci-2021\/\" target=\"_blank\" rel=\"noopener\">https:\/\/www.pan-ol.lublin.pl\/pl\/nagroda\/laureaci-2021\/<\/a><br \/>\n<\/em><\/p>\n<p>&nbsp;<\/p>\n<p>Gratulujemy <em><br \/>\n<\/em><\/p>\n<\/div>\n","protected":false},"excerpt":{"rendered":"<p>Mi\u0142o nam poinformowa\u0107, \u017ce Pan dr in\u017c \u0141ukasz S\u0119czyk z Katedry Ro\u015blin Przemys\u0142owych i Leczniczych zosta\u0142 laureatem Nagrody Prezesa Oddzia\u0142u PAN w Lublinie dla m\u0142odych pracownik\u00f3w naukowych za najlepsz\u0105 prac\u0119 naukow\u0105 za rok 2022: Nauki biologiczne i rolnicze \u0141ukasz S\u0119czyk i in., Uniwersytet Przyrodniczy w Lublinie \u2013 In vitro bioaccessibility and activity of basil (Ocimum [&hellip;]<\/p>\n","protected":false},"author":207,"featured_media":154254,"comment_status":"closed","ping_status":"closed","sticky":false,"template":"","format":"standard","meta":{"_monsterinsights_skip_tracking":false,"_monsterinsights_sitenote_active":false,"_monsterinsights_sitenote_note":"","_monsterinsights_sitenote_category":0},"categories":[12],"tags":[],"_links":{"self":[{"href":"https:\/\/up.lublin.pl\/agrobio\/wp-json\/wp\/v2\/posts\/154173"}],"collection":[{"href":"https:\/\/up.lublin.pl\/agrobio\/wp-json\/wp\/v2\/posts"}],"about":[{"href":"https:\/\/up.lublin.pl\/agrobio\/wp-json\/wp\/v2\/types\/post"}],"author":[{"embeddable":true,"href":"https:\/\/up.lublin.pl\/agrobio\/wp-json\/wp\/v2\/users\/207"}],"replies":[{"embeddable":true,"href":"https:\/\/up.lublin.pl\/agrobio\/wp-json\/wp\/v2\/comments?post=154173"}],"version-history":[{"count":6,"href":"https:\/\/up.lublin.pl\/agrobio\/wp-json\/wp\/v2\/posts\/154173\/revisions"}],"predecessor-version":[{"id":154253,"href":"https:\/\/up.lublin.pl\/agrobio\/wp-json\/wp\/v2\/posts\/154173\/revisions\/154253"}],"wp:featuredmedia":[{"embeddable":true,"href":"https:\/\/up.lublin.pl\/agrobio\/wp-json\/wp\/v2\/media\/154254"}],"wp:attachment":[{"href":"https:\/\/up.lublin.pl\/agrobio\/wp-json\/wp\/v2\/media?parent=154173"}],"wp:term":[{"taxonomy":"category","embeddable":true,"href":"https:\/\/up.lublin.pl\/agrobio\/wp-json\/wp\/v2\/categories?post=154173"},{"taxonomy":"post_tag","embeddable":true,"href":"https:\/\/up.lublin.pl\/agrobio\/wp-json\/wp\/v2\/tags?post=154173"}],"curies":[{"name":"wp","href":"https:\/\/api.w.org\/{rel}","templated":true}]}}