{"id":152128,"date":"2023-06-12T10:07:24","date_gmt":"2023-06-12T08:07:24","guid":{"rendered":"https:\/\/up.lublin.pl\/agrobio\/?p=152128"},"modified":"2023-06-12T10:07:24","modified_gmt":"2023-06-12T08:07:24","slug":"zapraszamy-do-udzialu-w-ii-edycji-konkursu-3w-woda-wodor-wegiel","status":"publish","type":"post","link":"https:\/\/up.lublin.pl\/agrobio\/zapraszamy-do-udzialu-w-ii-edycji-konkursu-3w-woda-wodor-wegiel\/","title":{"rendered":"Zapraszamy do udzia\u0142u w II edycji konkursu 3W: woda, wod\u00f3r, w\u0119giel"},"content":{"rendered":"<p>Celem konkursu jest popularyzacja idei 3W i wiedzy o wodzie, wodorze i w\u0119glu jako o trzech zasobach \u017cycia, w\u015br\u00f3d m\u0142odych ludzi.<\/p>\n<p>&nbsp;<\/p>\n<p class=\"mcntmcntmcntmcntmcntMsoNormal\">Podczas konkursu wy\u0142onione zostan\u0105 <b>najlepsze prace licencjackie, magisterskie i in\u017cynierskie<\/b> dotycz\u0105ce innowacyjnego wykorzystania wodoru, w\u0119gla i wody, oraz prowadzenia gospodarki wodnej, w kontek\u015bcie wyzwa\u0144 i szans stoj\u0105cych przed Polsk\u0105.<\/p>\n<p>&nbsp;<\/p>\n<p class=\"mcntmcntmcntmcntmcntMsoNormal\">Na zwyci\u0119zc\u00f3w\u00a0 czekaj\u0105 cenne nagrody, a dla laureat\u00f3w pierwszych miejsc przewidziana jest <b>nagroda pieni\u0119\u017cna w wysoko\u015bci 10 tysi\u0119cy z\u0142otych<\/b>. Prace, napisane w j\u0119zyku polskim, obronione w okresie od 1.10.2022 r. do 31.07.2023 r., mog\u0105 dotyczy\u0107 dowolnej dziedziny nauki, ale musz\u0105 uwzgl\u0119dnia\u0107 cel konkursu.<\/p>\n<p>&nbsp;<\/p>\n<p id=\"ext-gen1680\" class=\"mcntmcntmcntmcntmcntMsoNormal\"><u>Na zg\u0142oszenia czekamy do 31.07.2023 r. <\/u>Og\u0142oszenie wynik\u00f3w konkursu i wr\u0119czenie nagr\u00f3d odb\u0119dzie si\u0119 19 wrze\u015bnia, podczas gali Kongresu 3W w Warszawie.\u00a0 Wi\u0119cej informacji oraz regulamin konkursu na stronie: <a href=\"https:\/\/www.gazetaprawna.pl\/konferencje\/3W2023\/\" target=\"_blank\" rel=\"noopener\">https:\/\/www.gazetaprawna.pl\/konferencje\/3W2023\/<\/a><\/p>\n","protected":false},"excerpt":{"rendered":"<p>Celem konkursu jest popularyzacja idei 3W i wiedzy o wodzie, wodorze i w\u0119glu jako o trzech zasobach \u017cycia, w\u015br\u00f3d m\u0142odych ludzi. &nbsp; Podczas konkursu wy\u0142onione zostan\u0105 najlepsze prace licencjackie, magisterskie i in\u017cynierskie dotycz\u0105ce innowacyjnego wykorzystania wodoru, w\u0119gla i wody, oraz prowadzenia gospodarki wodnej, w kontek\u015bcie wyzwa\u0144 i szans stoj\u0105cych przed Polsk\u0105. &nbsp; Na zwyci\u0119zc\u00f3w\u00a0 czekaj\u0105 [&hellip;]<\/p>\n","protected":false},"author":207,"featured_media":0,"comment_status":"closed","ping_status":"closed","sticky":false,"template":"","format":"standard","meta":{"_monsterinsights_skip_tracking":false,"_monsterinsights_sitenote_active":false,"_monsterinsights_sitenote_note":"","_monsterinsights_sitenote_category":0},"categories":[12],"tags":[],"_links":{"self":[{"href":"https:\/\/up.lublin.pl\/agrobio\/wp-json\/wp\/v2\/posts\/152128"}],"collection":[{"href":"https:\/\/up.lublin.pl\/agrobio\/wp-json\/wp\/v2\/posts"}],"about":[{"href":"https:\/\/up.lublin.pl\/agrobio\/wp-json\/wp\/v2\/types\/post"}],"author":[{"embeddable":true,"href":"https:\/\/up.lublin.pl\/agrobio\/wp-json\/wp\/v2\/users\/207"}],"replies":[{"embeddable":true,"href":"https:\/\/up.lublin.pl\/agrobio\/wp-json\/wp\/v2\/comments?post=152128"}],"version-history":[{"count":3,"href":"https:\/\/up.lublin.pl\/agrobio\/wp-json\/wp\/v2\/posts\/152128\/revisions"}],"predecessor-version":[{"id":152131,"href":"https:\/\/up.lublin.pl\/agrobio\/wp-json\/wp\/v2\/posts\/152128\/revisions\/152131"}],"wp:attachment":[{"href":"https:\/\/up.lublin.pl\/agrobio\/wp-json\/wp\/v2\/media?parent=152128"}],"wp:term":[{"taxonomy":"category","embeddable":true,"href":"https:\/\/up.lublin.pl\/agrobio\/wp-json\/wp\/v2\/categories?post=152128"},{"taxonomy":"post_tag","embeddable":true,"href":"https:\/\/up.lublin.pl\/agrobio\/wp-json\/wp\/v2\/tags?post=152128"}],"curies":[{"name":"wp","href":"https:\/\/api.w.org\/{rel}","templated":true}]}}