{"id":152097,"date":"2023-06-06T11:20:11","date_gmt":"2023-06-06T09:20:11","guid":{"rendered":"https:\/\/up.lublin.pl\/agrobio\/?p=152097"},"modified":"2023-06-06T11:20:33","modified_gmt":"2023-06-06T09:20:33","slug":"wyrazy-glebokiego-wspolczucia-dr-jackowi-gawronskiemu-z-powodu-smierci-ojca","status":"publish","type":"post","link":"https:\/\/up.lublin.pl\/agrobio\/wyrazy-glebokiego-wspolczucia-dr-jackowi-gawronskiemu-z-powodu-smierci-ojca\/","title":{"rendered":"Wyrazy g\u0142\u0119bokiego wsp\u00f3\u0142czucia dr Jackowi Gawro\u0144skiemu z powodu \u015bmierci Ojca"},"content":{"rendered":"<p><a href=\"https:\/\/up.lublin.pl\/wp-content\/uploads\/2021\/05\/in_memoriam_tresc.jpg\"><img loading=\"lazy\" class=\"wp-image-157842 aligncenter\" src=\"https:\/\/up.lublin.pl\/wp-content\/uploads\/2021\/05\/in_memoriam_tresc.jpg\" alt=\"\" width=\"115\" height=\"115\" \/><\/a><\/p>\n<p style=\"text-align: center;\">Wyrazy g\u0142\u0119bokiego wsp\u00f3\u0142czucia\u00a0<strong>dr Jackowi Gawro\u0144skiemu<\/strong><\/p>\n<h3 style=\"text-align: center;\">z powodu \u015bmierci Ojca<\/h3>\n<p style=\"text-align: center;\">sk\u0142adaj\u0105<br \/>\nPracownicy Instytutu Genetyki, Hodowli i\u00a0Biotechnologii Ro\u015blin<\/p>\n","protected":false},"excerpt":{"rendered":"<p>Wyrazy g\u0142\u0119bokiego wsp\u00f3\u0142czucia\u00a0dr Jackowi Gawro\u0144skiemu z powodu \u015bmierci Ojca sk\u0142adaj\u0105 Pracownicy Instytutu Genetyki, Hodowli i\u00a0Biotechnologii Ro\u015blin<\/p>\n","protected":false},"author":228,"featured_media":0,"comment_status":"closed","ping_status":"closed","sticky":false,"template":"","format":"standard","meta":{"_monsterinsights_skip_tracking":false,"_monsterinsights_sitenote_active":false,"_monsterinsights_sitenote_note":"","_monsterinsights_sitenote_category":0},"categories":[12],"tags":[],"_links":{"self":[{"href":"https:\/\/up.lublin.pl\/agrobio\/wp-json\/wp\/v2\/posts\/152097"}],"collection":[{"href":"https:\/\/up.lublin.pl\/agrobio\/wp-json\/wp\/v2\/posts"}],"about":[{"href":"https:\/\/up.lublin.pl\/agrobio\/wp-json\/wp\/v2\/types\/post"}],"author":[{"embeddable":true,"href":"https:\/\/up.lublin.pl\/agrobio\/wp-json\/wp\/v2\/users\/228"}],"replies":[{"embeddable":true,"href":"https:\/\/up.lublin.pl\/agrobio\/wp-json\/wp\/v2\/comments?post=152097"}],"version-history":[{"count":2,"href":"https:\/\/up.lublin.pl\/agrobio\/wp-json\/wp\/v2\/posts\/152097\/revisions"}],"predecessor-version":[{"id":152099,"href":"https:\/\/up.lublin.pl\/agrobio\/wp-json\/wp\/v2\/posts\/152097\/revisions\/152099"}],"wp:attachment":[{"href":"https:\/\/up.lublin.pl\/agrobio\/wp-json\/wp\/v2\/media?parent=152097"}],"wp:term":[{"taxonomy":"category","embeddable":true,"href":"https:\/\/up.lublin.pl\/agrobio\/wp-json\/wp\/v2\/categories?post=152097"},{"taxonomy":"post_tag","embeddable":true,"href":"https:\/\/up.lublin.pl\/agrobio\/wp-json\/wp\/v2\/tags?post=152097"}],"curies":[{"name":"wp","href":"https:\/\/api.w.org\/{rel}","templated":true}]}}