{"id":152074,"date":"2023-06-02T14:30:12","date_gmt":"2023-06-02T12:30:12","guid":{"rendered":"https:\/\/up.lublin.pl\/agrobio\/?p=152074"},"modified":"2023-06-02T14:30:21","modified_gmt":"2023-06-02T12:30:21","slug":"eko-vege-fit-animals-dr-hab-mariusz-kulik-prof-uczelni","status":"publish","type":"post","link":"https:\/\/up.lublin.pl\/agrobio\/eko-vege-fit-animals-dr-hab-mariusz-kulik-prof-uczelni\/","title":{"rendered":"Eko-Vege-Fit-Animals: dr hab. Mariusz Kulik, prof. uczelni"},"content":{"rendered":"\t\t<div data-elementor-type=\"wp-post\" data-elementor-id=\"152074\" class=\"elementor elementor-152074\" data-elementor-settings=\"[]\">\n\t\t\t\t\t\t<div class=\"elementor-inner\">\n\t\t\t\t\t\t\t<div class=\"elementor-section-wrap\">\n\t\t\t\t\t\t\t<section class=\"elementor-section elementor-top-section elementor-element elementor-element-7691a70 elementor-section-boxed elementor-section-height-default elementor-section-height-default\" data-id=\"7691a70\" data-element_type=\"section\">\n\t\t\t\t\t\t<div class=\"elementor-container elementor-column-gap-default\">\n\t\t\t\t\t\t\t<div class=\"elementor-row\">\n\t\t\t\t\t<div class=\"elementor-column elementor-col-100 elementor-top-column elementor-element elementor-element-400646e\" data-id=\"400646e\" data-element_type=\"column\">\n\t\t\t<div class=\"elementor-column-wrap elementor-element-populated\">\n\t\t\t\t\t\t\t<div class=\"elementor-widget-wrap\">\n\t\t\t\t\t\t<div class=\"elementor-element elementor-element-8f05148 elementor-widget elementor-widget-m5c\" data-id=\"8f05148\" data-element_type=\"widget\" data-widget_type=\"m5c.default\">\n\t\t\t\t<div class=\"elementor-widget-container\">\n\t\t\t<section class=\"mn-m5-c mn-m5-d2 mn-bg-white\">\n\t<div class=\"mn-grid\">\n\t\t\t\t<div class=\"mn-content mn-grid-9\">\n\t\t\t                <div class=\"mn-content-block active\">\n\t                                                        <div class=\"block-text\">\n\t                                        <p><strong>Zapraszamy do obejrzenia najnowszego odcinka Eko-Vege-Fit-Animals w&nbsp;od\u015bwie\u017conym formacie.<\/strong><\/p>\n<p style=\"margin-bottom: 20px;\">\n<div class=\"video-over-container\">\n<div class=\"video-container\"><iframe title=\"Eko Vege Fit Animals, dr hab. Mariusz Kulik, prof. uczelni\" width=\"500\" height=\"281\" src=\"https:\/\/www.youtube.com\/embed\/uSYfIbXv5do?feature=oembed\" frameborder=\"0\" allow=\"accelerometer; autoplay; clipboard-write; encrypted-media; gyroscope; picture-in-picture; web-share\" allowfullscreen><\/iframe><\/div>\n<\/div>\n<p>Bohaterem nowego odcinka jest ekspert przyrodniczy w&nbsp;zakresie sporz\u0105dzania dokumentacji siedliskowej na potrzeby realizacji programu rolno\u015brodowiskowego &#8211; <strong>dr hab. Mariusz Kulik, prof. Uniwersytetu Przyrodniczego w&nbsp;Lublinie<\/strong> z&nbsp;Katedry \u0141\u0105karstwa i&nbsp;Kszta\u0142towania Krajobrazu.<\/p>\n<p>Tematem odcinka s\u0105 badania dotycz\u0105ce ekosystem\u00f3w trawiastych (murawy kserotermiczne, napiaskowe i&nbsp;bli\u017aniczkowe, suche wrzosowiska, czy \u0142\u0105ki p\u00f3\u0142naturalne).<\/p>\n<p>Nasz go\u015b\u0107 opowiada r\u00f3wnie\u017c o&nbsp;wp\u0142ywie wypasu zwierz\u0105t na szat\u0119 ro\u015blinn\u0105, hamowaniu degradacji ro\u015blinno\u015bci spowodowanej dzia\u0142alno\u015bci\u0105 cz\u0142owieka oraz ekspansji obcych gatunk\u00f3w ro\u015blin szkodliwych dla rodzimego ekosystemu. \u00a0<\/p>\n                                        <\/div>\n\t\t\t\t\t\t                                <\/div>\n\t\t\t\t                <div class=\"mn-content-block\">\n\t                                <\/div>\n\t\t\t\t                <div class=\"mn-content-block\">\n\t                                <\/div>\n\t\t\t\t                <div class=\"mn-content-block\">\n\t                                <\/div>\n\t\t\t\t                <div class=\"mn-content-block\">\n\t                                <\/div>\n\t\t\t\t                <div class=\"mn-content-block\">\n\t                                <\/div>\n\t\t\t\t                <div class=\"mn-content-block\">\n\t                                <\/div>\n\t\t\t\t                <div class=\"mn-content-block\">\n\t                                <\/div>\n\t\t\t\t                <div class=\"mn-content-block\">\n\t                                <\/div>\n\t\t\t\t                <div class=\"mn-content-block\">\n\t                                <\/div>\n\t\t\t\t                <div class=\"mn-content-block\">\n\t                                <\/div>\n\t\t\t\t                <div class=\"mn-content-block\">\n\t                                <\/div>\n\t\t\t\t                <div class=\"mn-content-block\">\n\t                                <\/div>\n\t\t\t\t                <div class=\"mn-content-block\">\n\t                                <\/div>\n\t\t\t\t                <div class=\"mn-content-block\">\n\t                                <\/div>\n\t\t\t\t                <div class=\"mn-content-block\">\n\t                                <\/div>\n\t\t\t\t                <div class=\"mn-content-block\">\n\t                                <\/div>\n\t\t\t\t                <div class=\"mn-content-block\">\n\t                                <\/div>\n\t\t\t\t                <div class=\"mn-content-block\">\n\t                                <\/div>\n\t\t\t\t                <div class=\"mn-content-block\">\n\t                                <\/div>\n\t\t\t\t\t\t<\/div>\n\t<\/div>\n<\/section>\n\t\t<\/div>\n\t\t\t\t<\/div>\n\t\t\t\t\t\t<\/div>\n\t\t\t\t\t<\/div>\n\t\t<\/div>\n\t\t\t\t\t\t\t\t<\/div>\n\t\t\t\t\t<\/div>\n\t\t<\/section>\n\t\t\t\t\t\t<\/div>\n\t\t\t\t\t\t<\/div>\n\t\t\t\t\t<\/div>\n\t\t","protected":false},"excerpt":{"rendered":"<p>Zapraszamy do obejrzenia najnowszego odcinka Eko-Vege-Fit-Animals w&nbsp;od\u015bwie\u017conym formacie. Bohaterem nowego odcinka jest ekspert przyrodniczy w&nbsp;zakresie sporz\u0105dzania dokumentacji siedliskowej na potrzeby realizacji programu rolno\u015brodowiskowego &#8211; dr hab. Mariusz Kulik, prof. Uniwersytetu Przyrodniczego w&nbsp;Lublinie z&nbsp;Katedry \u0141\u0105karstwa i&nbsp;Kszta\u0142towania Krajobrazu. Tematem odcinka s\u0105 badania dotycz\u0105ce ekosystem\u00f3w trawiastych (murawy kserotermiczne, napiaskowe i&nbsp;bli\u017aniczkowe, suche wrzosowiska, czy \u0142\u0105ki p\u00f3\u0142naturalne). Nasz go\u015b\u0107 opowiada [&hellip;]<\/p>\n","protected":false},"author":2,"featured_media":0,"comment_status":"closed","ping_status":"closed","sticky":false,"template":"elementor_header_footer","format":"standard","meta":{"_monsterinsights_skip_tracking":false,"_monsterinsights_sitenote_active":false,"_monsterinsights_sitenote_note":"","_monsterinsights_sitenote_category":0},"categories":[12],"tags":[],"_links":{"self":[{"href":"https:\/\/up.lublin.pl\/agrobio\/wp-json\/wp\/v2\/posts\/152074"}],"collection":[{"href":"https:\/\/up.lublin.pl\/agrobio\/wp-json\/wp\/v2\/posts"}],"about":[{"href":"https:\/\/up.lublin.pl\/agrobio\/wp-json\/wp\/v2\/types\/post"}],"author":[{"embeddable":true,"href":"https:\/\/up.lublin.pl\/agrobio\/wp-json\/wp\/v2\/users\/2"}],"replies":[{"embeddable":true,"href":"https:\/\/up.lublin.pl\/agrobio\/wp-json\/wp\/v2\/comments?post=152074"}],"version-history":[{"count":4,"href":"https:\/\/up.lublin.pl\/agrobio\/wp-json\/wp\/v2\/posts\/152074\/revisions"}],"predecessor-version":[{"id":152078,"href":"https:\/\/up.lublin.pl\/agrobio\/wp-json\/wp\/v2\/posts\/152074\/revisions\/152078"}],"wp:attachment":[{"href":"https:\/\/up.lublin.pl\/agrobio\/wp-json\/wp\/v2\/media?parent=152074"}],"wp:term":[{"taxonomy":"category","embeddable":true,"href":"https:\/\/up.lublin.pl\/agrobio\/wp-json\/wp\/v2\/categories?post=152074"},{"taxonomy":"post_tag","embeddable":true,"href":"https:\/\/up.lublin.pl\/agrobio\/wp-json\/wp\/v2\/tags?post=152074"}],"curies":[{"name":"wp","href":"https:\/\/api.w.org\/{rel}","templated":true}]}}