{"id":152046,"date":"2023-06-01T11:24:53","date_gmt":"2023-06-01T09:24:53","guid":{"rendered":"https:\/\/up.lublin.pl\/agrobio\/?p=152046"},"modified":"2023-06-01T11:29:44","modified_gmt":"2023-06-01T09:29:44","slug":"zmarla-pani-teresa-zawrzal-wieloletni-pracownik-dziekanatu","status":"publish","type":"post","link":"https:\/\/up.lublin.pl\/agrobio\/zmarla-pani-teresa-zawrzal-wieloletni-pracownik-dziekanatu\/","title":{"rendered":"Zmar\u0142a Pani Teresa Zawrza\u0142 wieloletni pracownik dziekanatu"},"content":{"rendered":"<p style=\"text-align: center\"><span style=\"font-size: 16px\"><strong>Z g\u0142\u0119bokim \u017calem zawiadamiamy, \u017ce w dniu 27 maja 2023 r. zmar\u0142a<\/strong><\/span><\/p>\n<p style=\"text-align: center\"><span style=\"font-size: 16px\"><strong>prze\u017cywszy 74 lata<\/strong><\/span><\/p>\n<p style=\"text-align: center\"><strong>\u00a0<\/strong><\/p>\n<p style=\"text-align: center\"><strong>\u00a0<\/strong><\/p>\n<p style=\"text-align: center\"><span style=\"font-size: 16px\"><strong>\u015a. \u2020 P.<\/strong><\/span><\/p>\n<p style=\"text-align: center\"><strong>\u00a0<\/strong><\/p>\n<p style=\"text-align: center\"><span style=\"font-size: 24px\"><strong>Teresa Zawrza\u0142<\/strong><\/span><\/p>\n<p style=\"text-align: center\"><em>\u00a0<\/em><\/p>\n<p>&nbsp;<\/p>\n<p style=\"text-align: center\">wieloletni pracownik \u00a0dziekanatu Wydzia\u0142u Rolniczego (Agrobioin\u017cynierii)<\/p>\n<p style=\"text-align: center\">\u00a0Uniwersytetu Przyrodniczego w Lublinie,<\/p>\n<p>&nbsp;<\/p>\n<p style=\"text-align: center\">Cze\u015b\u0107 Jej Pami\u0119ci!<\/p>\n<p>&nbsp;<\/p>\n<p style=\"text-align: center\">Rodzinie Zmar\u0142ej wyrazy g\u0142\u0119bokiego \u017calu i wsp\u00f3\u0142czucia<\/p>\n<p style=\"text-align: center\">sk\u0142adaj\u0105<\/p>\n<p>&nbsp;<\/p>\n<p style=\"text-align: center\">Dziekan i Kolegium Dzieka\u0144skie Wydzia\u0142u Agrobioin\u017cynierii,<\/p>\n<p style=\"text-align: center\">pracownicy i studenci<\/p>\n<p style=\"text-align: center\">Uniwersytetu Przyrodniczego w Lublinie<\/p>\n<p>&nbsp;<\/p>\n<p style=\"text-align: center\"><em>Uroczysto\u015bci pogrzebowe odb\u0119d\u0105 si\u0119 2 czerwca 2023 r. o godzinie 10.00<\/em><\/p>\n<p style=\"text-align: center\"><em>w kaplicy cmentarnej przy ulicy Lipowej w Lublinie<\/em><\/p>\n","protected":false},"excerpt":{"rendered":"<p>Z g\u0142\u0119bokim \u017calem zawiadamiamy, \u017ce w dniu 27 maja 2023 r. zmar\u0142a prze\u017cywszy 74 lata \u00a0 \u00a0 \u015a. \u2020 P. \u00a0 Teresa Zawrza\u0142 \u00a0 &nbsp; wieloletni pracownik \u00a0dziekanatu Wydzia\u0142u Rolniczego (Agrobioin\u017cynierii) \u00a0Uniwersytetu Przyrodniczego w Lublinie, &nbsp; Cze\u015b\u0107 Jej Pami\u0119ci! &nbsp; Rodzinie Zmar\u0142ej wyrazy g\u0142\u0119bokiego \u017calu i wsp\u00f3\u0142czucia sk\u0142adaj\u0105 &nbsp; Dziekan i Kolegium Dzieka\u0144skie Wydzia\u0142u Agrobioin\u017cynierii, [&hellip;]<\/p>\n","protected":false},"author":207,"featured_media":0,"comment_status":"closed","ping_status":"closed","sticky":false,"template":"","format":"standard","meta":{"_monsterinsights_skip_tracking":false,"_monsterinsights_sitenote_active":false,"_monsterinsights_sitenote_note":"","_monsterinsights_sitenote_category":0},"categories":[12],"tags":[],"_links":{"self":[{"href":"https:\/\/up.lublin.pl\/agrobio\/wp-json\/wp\/v2\/posts\/152046"}],"collection":[{"href":"https:\/\/up.lublin.pl\/agrobio\/wp-json\/wp\/v2\/posts"}],"about":[{"href":"https:\/\/up.lublin.pl\/agrobio\/wp-json\/wp\/v2\/types\/post"}],"author":[{"embeddable":true,"href":"https:\/\/up.lublin.pl\/agrobio\/wp-json\/wp\/v2\/users\/207"}],"replies":[{"embeddable":true,"href":"https:\/\/up.lublin.pl\/agrobio\/wp-json\/wp\/v2\/comments?post=152046"}],"version-history":[{"count":10,"href":"https:\/\/up.lublin.pl\/agrobio\/wp-json\/wp\/v2\/posts\/152046\/revisions"}],"predecessor-version":[{"id":152056,"href":"https:\/\/up.lublin.pl\/agrobio\/wp-json\/wp\/v2\/posts\/152046\/revisions\/152056"}],"wp:attachment":[{"href":"https:\/\/up.lublin.pl\/agrobio\/wp-json\/wp\/v2\/media?parent=152046"}],"wp:term":[{"taxonomy":"category","embeddable":true,"href":"https:\/\/up.lublin.pl\/agrobio\/wp-json\/wp\/v2\/categories?post=152046"},{"taxonomy":"post_tag","embeddable":true,"href":"https:\/\/up.lublin.pl\/agrobio\/wp-json\/wp\/v2\/tags?post=152046"}],"curies":[{"name":"wp","href":"https:\/\/api.w.org\/{rel}","templated":true}]}}